{"id":6239,"date":"2013-09-28T08:59:50","date_gmt":"2013-09-28T06:59:50","guid":{"rendered":"http:\/\/www.frankensicht.de\/?p=6239"},"modified":"2013-09-28T08:59:50","modified_gmt":"2013-09-28T06:59:50","slug":"haushalt","status":"publish","type":"post","link":"https:\/\/www.frankensicht.de\/?p=6239","title":{"rendered":"Haushalt"},"content":{"rendered":"<p><span style=\"color: #ff0000;\">Erlangen:<\/span><\/p>\n<p>Auftakt zu st\u00e4dtischen Haushaltsberatungen<br \/>\nMit der Einbringung des Haushaltsentwurfs im Stadtrat haben am Donnerstagabend offiziell die Beratungen \u00fcber den Kommunaletat f\u00fcr 2014 begonnen. In seiner gut \u00bd st\u00fcndigen Rede stellte K\u00e4mmerer Konrad Beugel die wesentlichen Eckdaten, die die K\u00e4mmerei in enger Absprache mit den \u00c4mtern erarbeitet hatte, den Ratsmitgliedern vor. Und wie schon in fr\u00fcheren Jahren nutzte Beugel seine Ausf\u00fchrungen auch zu einem eindringlichen Appell an die versammelten Stadtr\u00e4te, nicht allein das politisch W\u00fcnschenswerte, sondern das finanziell Machbare im Auge zu haben, um so langfristig politische Handlungsspielr\u00e4ume zu gewinnen.<br \/>\nUnter Hinweis auf den im Haushaltsplan erwarteten Finanzierungsmittelfehlbetrag von rd. 13,6 Mio. Euro erteilte der st\u00e4dtische Budgetverantwortliche vielen Investitionsma\u00dfnahmen eine klare Absage. Mittel st\u00fcnden weder f\u00fcr eine Sanierung des Frankenhofs, des Theaters oder des Egloffstein\u00b4schen Palais zur Verf\u00fcgung, noch f\u00fcr den Neubau einer Sporthalle an der Hartmannstra\u00dfe. Auch die seit langem diskutierte Stadt-Umland-Bahn h\u00e4lt Beugel f\u00fcr \u201enett, aber unver\u00e4ndert viel zu teuer f\u00fcr die \u00f6ffentlichen Haushalte.\u201c Sein Vorschlag statt dessen: \u201eTun wir lieber etwas mehr f\u00fcr den Unterhalt der bestehenden Infrastruktur.\u201c<\/p>\n<p><a href=\"https:\/\/www.frankensicht.de\/?attachment_id=6177\" rel=\"attachment wp-att-6177\"><img loading=\"lazy\" decoding=\"async\" class=\"alignnone size-full wp-image-6177\" alt=\"spende6\" src=\"https:\/\/www.frankensicht.de\/wp-content\/uploads\/2013\/09\/spende6.jpg\" width=\"2604\" height=\"2097\" \/><\/a><\/p>\n<p>So sollen im n\u00e4chsten Jahr dem Etatplan zufolge \u00fcber 30 Mio. Euro f\u00fcr Schulsanierungen (5,5 Mio. Euro), Stra\u00dfen und Br\u00fcckenbau (5,8 Mio. Euro), f\u00fcr den Einstieg in die Sanierung des Freibades West (3,0 Mio. Euro) u. a. m. zur Verf\u00fcgung stehen. Mit 6,6 Mio. Euro stellen Investitionsma\u00dfnahmen bei Kindertagesst\u00e4tten und Jugendeinrichtungen den gr\u00f6\u00dften Posten in diesem Bereich dar. 2014, so Beugel, wolle man bei Krippen eine Versorgungsquote von \u00fcber 50% erreichen. Beugel w\u00f6rtlich: \u201eDamit werden wir die Nr. 1 unter den bayerischen Gro\u00dfst\u00e4dten sein.\u201c<br \/>\nAls Eckdaten des Haushaltsentwurfs bezifferte der K\u00e4mmerer den Gesamtbetrag f\u00fcr Aufwendungen auf 309,7 Mio., den f\u00fcr Ertr\u00e4ge auf 292,1 Mio. Euro. Gr\u00f6\u00dfter Ausgabenposten werden unver\u00e4ndert die Personalaufwendungen sein, f\u00fcr die 105,7 Mio. Euro eingeplant sind \u2013 Die Kosten neu zu schaffender Stellen sind darin allerdings noch nicht enthalten. Bei aller optimistischen Einsch\u00e4tzung hinsichtlich Steuereinnahmen, Schl\u00fcsselzuweisungen und Bezirksumlage h\u00e4nge, so Beugel, viel davon<br \/>\nab, wie hoch die Liquidit\u00e4t, also der verf\u00fcgbare Bank- und Kassenbestand, am 1. Januar 2014 sein werde.<br \/>\nMit seiner Etatrede feierte Beugel auch ein kleines Jubil\u00e4um. Seit 10 Jahren ist der gelernte Bankkaufmann f\u00fcr den Stadts\u00e4ckel verantwortlich. Seine pers\u00f6nliche Bilanz dieser Dekade: Wichtige Ziele wurden &#8211; zum Teil mit Einschr\u00e4nkungen &#8211; erreicht, etwa die Steigerung der Investitionen des Kernhaushalts und der Bauunterhaltsmittel. An vielem m\u00fcssten Stadtrat und Verwaltung noch gemeinsam arbeiten, z.B. an der Umsetzung der Budgetierung, also der finanziellen Eigenverantwortung der \u00c4mter, und an der Disziplin im Vorgang mit politischen W\u00fcnschen und deren Bezahlbarkeit.<\/p>\n<p>Quelle:erlangen.de<\/p>\n","protected":false},"excerpt":{"rendered":"<p>Erlangen: Auftakt zu st\u00e4dtischen Haushaltsberatungen Mit der Einbringung des Haushaltsentwurfs im Stadtrat haben am Donnerstagabend offiziell die Beratungen \u00fcber den Kommunaletat f\u00fcr 2014 begonnen. In seiner gut \u00bd st\u00fcndigen Rede stellte K\u00e4mmerer Konrad Beugel die wesentlichen Eckdaten, die die K\u00e4mmerei in enger Absprache mit den \u00c4mtern erarbeitet hatte, den Ratsmitgliedern vor. Und wie schon in [&hellip;]<\/p>\n","protected":false},"author":7,"featured_media":0,"comment_status":"open","ping_status":"open","sticky":false,"template":"","format":"standard","meta":{"footnotes":""},"categories":[111,71,85],"tags":[462],"class_list":["post-6239","post","type-post","status-publish","format-standard","hentry","category-erlangen-mittelfranken","category-menue","category-mittelfranken","tag-haushalt"],"_links":{"self":[{"href":"https:\/\/www.frankensicht.de\/index.php?rest_route=\/wp\/v2\/posts\/6239","targetHints":{"allow":["GET"]}}],"collection":[{"href":"https:\/\/www.frankensicht.de\/index.php?rest_route=\/wp\/v2\/posts"}],"about":[{"href":"https:\/\/www.frankensicht.de\/index.php?rest_route=\/wp\/v2\/types\/post"}],"author":[{"embeddable":true,"href":"https:\/\/www.frankensicht.de\/index.php?rest_route=\/wp\/v2\/users\/7"}],"replies":[{"embeddable":true,"href":"https:\/\/www.frankensicht.de\/index.php?rest_route=%2Fwp%2Fv2%2Fcomments&post=6239"}],"version-history":[{"count":0,"href":"https:\/\/www.frankensicht.de\/index.php?rest_route=\/wp\/v2\/posts\/6239\/revisions"}],"wp:attachment":[{"href":"https:\/\/www.frankensicht.de\/index.php?rest_route=%2Fwp%2Fv2%2Fmedia&parent=6239"}],"wp:term":[{"taxonomy":"category","embeddable":true,"href":"https:\/\/www.frankensicht.de\/index.php?rest_route=%2Fwp%2Fv2%2Fcategories&post=6239"},{"taxonomy":"post_tag","embeddable":true,"href":"https:\/\/www.frankensicht.de\/index.php?rest_route=%2Fwp%2Fv2%2Ftags&post=6239"}],"curies":[{"name":"wp","href":"https:\/\/api.w.org\/{rel}","templated":true}]}}