{"id":6234,"date":"2013-09-27T11:24:12","date_gmt":"2013-09-27T09:24:12","guid":{"rendered":"http:\/\/www.frankensicht.de\/?p=6234"},"modified":"2013-09-27T11:24:12","modified_gmt":"2013-09-27T09:24:12","slug":"huber-landesgartenschau-bayreuth-schafft-neue-gruene-oase-in-der-oberen-mainaue","status":"publish","type":"post","link":"https:\/\/www.frankensicht.de\/?p=6234","title":{"rendered":"Huber: Landesgartenschau Bayreuth schafft neue gr\u00fcne Oase in der Oberen Mainaue"},"content":{"rendered":"<p><span style=\"color: #ff0000;\"><a href=\"https:\/\/www.frankensicht.de\/?attachment_id=6236\" rel=\"attachment wp-att-6236\"><img loading=\"lazy\" decoding=\"async\" class=\"alignnone size-full wp-image-6236\" alt=\"IMG_2903\" src=\"https:\/\/www.frankensicht.de\/wp-content\/uploads\/2013\/09\/IMG_2903.jpg\" width=\"693\" height=\"462\" srcset=\"https:\/\/www.frankensicht.de\/wp-content\/uploads\/2013\/09\/IMG_2903.jpg 693w, https:\/\/www.frankensicht.de\/wp-content\/uploads\/2013\/09\/IMG_2903-300x200.jpg 300w, https:\/\/www.frankensicht.de\/wp-content\/uploads\/2013\/09\/IMG_2903-220x146.jpg 220w\" sizes=\"auto, (max-width: 693px) 100vw, 693px\" \/><\/a><br \/>\n<\/span><\/p>\n<p>3,6 Millionen Euro F\u00f6rderung durch Umweltministerium<\/p>\n<p>&nbsp;<\/p>\n<p>Gartenschauen machen St\u00e4dte gr\u00fcner und bringen Naturerlebnisse direkt zu den Menschen. Das bekr\u00e4ftigte der Bayerische Umweltminister Dr. Marcel Huber beim Spatenstich f\u00fcr die Landesgartenschau Bayreuth 2016. Huber: &#8222;Die Landesgartenschau 2016 ist ein bedeutender Imagegewinn f\u00fcr die Stadt Bayreuth und ihre Umgebung. Landesgartenschauen geh\u00f6ren zu den besonders erfolgreichen und beliebten Veranstaltungen in Bayern. Aber nicht nur das: Landesgartenschauen bringen dauerhaft mehr Lebensqualit\u00e4t f\u00fcr die Bev\u00f6lkerung, schaffen neuen Lebensraum f\u00fcr Tiere und Pflanzen und positive wirtschaftliche Impulse.&#8220; F\u00fcr die Landesgartenschau Bayreuth werden in zentraler Lage insgesamt 45 Hektar neue Gr\u00fcnfl\u00e4chen angelegt \u2013 das entspricht einer Fl\u00e4che von \u00fcber 60 Fu\u00dfballfeldern. Herzst\u00fcck ist ein neu angelegter Park mit zahlreichen Rad- und Fu\u00dfwegen als Bindeglied zwischen der Innenstadt und dem barocken Landschaftspark der Eremitage. Dadurch entstehen mitten in der Stadt vielf\u00e4ltige Erholungs- und Freizeitangebote f\u00fcr die Bev\u00f6lkerung, beispielsweise mehrere abenteuerlich gestaltete Spielpl\u00e4tze f\u00fcr Kinder und Jugendliche. Auch ein zwei Hektar gro\u00dfer See \u00f6stlich des Roten Mains mit Kiesstr\u00e4nden und gro\u00dfem Uferrundweg wird entstehen. Gleichzeitig wird durch den Umbau und die Renaturierung des Roten Mains eine \u00f6kologische, naturnahe Aue hergestellt. Die Vegetation kann sich auf diesen Fl\u00e4chen auf nat\u00fcrliche Weise entwickeln, artenreiche Wiesen k\u00f6nnen entstehen. Huber: &#8222;Eine intakte Natur in der Stadt ist f\u00fcr die Lebensqualit\u00e4t der B\u00fcrger ebenso wichtig wie f\u00fcr die biologische Vielfalt. Funktionierende \u00d6kosysteme in der Stadt sind der Schl\u00fcssel f\u00fcr eine hohe Lebensqualit\u00e4t. Die Stadt der Zukunft setzt auf die Natur. In Zeiten des Klimawandels sind gr\u00fcne Fl\u00e4chen wertvoller denn je.&#8220; Entlang des Roten Mains ist zus\u00e4tzlich ein Auenlehrpfad mit vielf\u00e4ltigen Informationen zu Natur und Landschaft vorgesehen.<\/p>\n<p>Die Kosten f\u00fcr die Landesgartenschau 2016 in Bayreuth &#8211; der f\u00fcnften in Oberfranken nach Bamberg, Hof, Kronach und Marktredwitz &#8211; belaufen sich auf \u00fcber 9 Millionen Euro. Das Bayerische Umweltministerium f\u00f6rdert die Gartenschau mit 3,6 Millionen Euro. Seit 1980 haben fast 35 Millionen Besucher die Gartenschauen in Bayern besucht. Daf\u00fcr wurden rund 73 Millionen Euro aus Landesmitteln investiert. Entstanden sind dabei allein bei den Landesgartenschauen rund 390 Hektar neue Gr\u00fcn- und Erholungsfl\u00e4chen mitten in den St\u00e4dten &#8211; das entspricht etwa der Gr\u00f6\u00dfe des Englischen Gartens in M\u00fcnchen.<\/p>\n<p>Quelle:stmug.bayern.de<\/p>\n","protected":false},"excerpt":{"rendered":"<p>3,6 Millionen Euro F\u00f6rderung durch Umweltministerium &nbsp; Gartenschauen machen St\u00e4dte gr\u00fcner und bringen Naturerlebnisse direkt zu den Menschen. Das bekr\u00e4ftigte der Bayerische Umweltminister Dr. Marcel Huber beim Spatenstich f\u00fcr die Landesgartenschau Bayreuth 2016. Huber: &#8222;Die Landesgartenschau 2016 ist ein bedeutender Imagegewinn f\u00fcr die Stadt Bayreuth und ihre Umgebung. Landesgartenschauen geh\u00f6ren zu den besonders erfolgreichen und [&hellip;]<\/p>\n","protected":false},"author":7,"featured_media":6236,"comment_status":"open","ping_status":"open","sticky":false,"template":"","format":"standard","meta":{"footnotes":""},"categories":[96,71,83],"tags":[1319],"class_list":["post-6234","post","type-post","status-publish","format-standard","has-post-thumbnail","hentry","category-bayreuth-oberfranken","category-menue","category-oberfranken","tag-landesgartenschau-bayreuth"],"_links":{"self":[{"href":"https:\/\/www.frankensicht.de\/index.php?rest_route=\/wp\/v2\/posts\/6234","targetHints":{"allow":["GET"]}}],"collection":[{"href":"https:\/\/www.frankensicht.de\/index.php?rest_route=\/wp\/v2\/posts"}],"about":[{"href":"https:\/\/www.frankensicht.de\/index.php?rest_route=\/wp\/v2\/types\/post"}],"author":[{"embeddable":true,"href":"https:\/\/www.frankensicht.de\/index.php?rest_route=\/wp\/v2\/users\/7"}],"replies":[{"embeddable":true,"href":"https:\/\/www.frankensicht.de\/index.php?rest_route=%2Fwp%2Fv2%2Fcomments&post=6234"}],"version-history":[{"count":0,"href":"https:\/\/www.frankensicht.de\/index.php?rest_route=\/wp\/v2\/posts\/6234\/revisions"}],"wp:featuredmedia":[{"embeddable":true,"href":"https:\/\/www.frankensicht.de\/index.php?rest_route=\/wp\/v2\/media\/6236"}],"wp:attachment":[{"href":"https:\/\/www.frankensicht.de\/index.php?rest_route=%2Fwp%2Fv2%2Fmedia&parent=6234"}],"wp:term":[{"taxonomy":"category","embeddable":true,"href":"https:\/\/www.frankensicht.de\/index.php?rest_route=%2Fwp%2Fv2%2Fcategories&post=6234"},{"taxonomy":"post_tag","embeddable":true,"href":"https:\/\/www.frankensicht.de\/index.php?rest_route=%2Fwp%2Fv2%2Ftags&post=6234"}],"curies":[{"name":"wp","href":"https:\/\/api.w.org\/{rel}","templated":true}]}}