{"id":6231,"date":"2013-09-26T09:31:05","date_gmt":"2013-09-26T07:31:05","guid":{"rendered":"http:\/\/www.frankensicht.de\/?p=6231"},"modified":"2013-09-26T09:31:05","modified_gmt":"2013-09-26T07:31:05","slug":"roaming-3","status":"publish","type":"post","link":"https:\/\/www.frankensicht.de\/?p=6231","title":{"rendered":"Roaming"},"content":{"rendered":"<p><span style=\"color: #ff00ff;\">M\u00fcnchen:<\/span><\/p>\n<p>Bayerns Verbraucherschutzministerin Dr. Beate Merk gegen Aufschub der Roaming-Reform \/ &#8222;Die Abschaffung der Geb\u00fchr muss sich schon im n\u00e4chsten Sommer im Geldbeutel der Verbraucher bemerkbar machen!&#8220;<\/p>\n<p><a href=\"https:\/\/www.frankensicht.de\/?attachment_id=3002\" rel=\"attachment wp-att-3002\"><img loading=\"lazy\" decoding=\"async\" class=\"alignnone size-full wp-image-3002\" alt=\"handy\" src=\"https:\/\/www.frankensicht.de\/wp-content\/uploads\/2012\/06\/handy.jpg\" width=\"640\" height=\"480\" srcset=\"https:\/\/www.frankensicht.de\/wp-content\/uploads\/2012\/06\/handy.jpg 640w, https:\/\/www.frankensicht.de\/wp-content\/uploads\/2012\/06\/handy-300x225.jpg 300w\" sizes=\"auto, (max-width: 640px) 100vw, 640px\" \/><\/a><\/p>\n<p>Bayerns Verbraucherschutzministerin Dr. Beate Merk bedauert aus Sicht des Verbraucherschutzes, dass die Pl\u00e4ne der EU-Kommission zur Abschaffung der Roaming-Geb\u00fchren zur\u00fcckgestellt werden sollen. &#8222;Die Abschaffung der Roaminggeb\u00fchren ist ein konsequenter Schritt zur Verwirklichung des Binnenmarktes. Aufwand und Kosten der Unternehmen rechtfertigen kein Abw\u00e4lzen auf den Verbraucher. Es ist eine Ma\u00dfnahme, die nicht auf die lange Bank geschoben werden darf, sondern sich schon bald im Geldbeutel der Telefon- und Internetnutzer bemerkbar machen sollte &#8211; am besten schon nach dem n\u00e4chsten Sommerurlaub 2014!&#8220;<\/p>\n<p>Die EU-Kommission hat gestern laut Medienberichten angedeutet, dass sie die zun\u00e4chst bereits f\u00fcr die Zeit ab Juli 2014 vorgesehene Abschaffung der Roaming-Geb\u00fchren um drei Jahre verschieben will, wenn nicht zugleich das Gesamtpaket zur Reform des Telekommunikationsmarkts verabschiedet wird.<\/p>\n<p>Quelle:stmj.bayern.de<\/p>\n","protected":false},"excerpt":{"rendered":"<p>M\u00fcnchen: Bayerns Verbraucherschutzministerin Dr. Beate Merk gegen Aufschub der Roaming-Reform \/ &#8222;Die Abschaffung der Geb\u00fchr muss sich schon im n\u00e4chsten Sommer im Geldbeutel der Verbraucher bemerkbar machen!&#8220; Bayerns Verbraucherschutzministerin Dr. Beate Merk bedauert aus Sicht des Verbraucherschutzes, dass die Pl\u00e4ne der EU-Kommission zur Abschaffung der Roaming-Geb\u00fchren zur\u00fcckgestellt werden sollen. &#8222;Die Abschaffung der Roaminggeb\u00fchren ist ein [&hellip;]<\/p>\n","protected":false},"author":7,"featured_media":3002,"comment_status":"open","ping_status":"open","sticky":false,"template":"","format":"standard","meta":{"footnotes":""},"categories":[78,71],"tags":[1310],"class_list":["post-6231","post","type-post","status-publish","format-standard","has-post-thumbnail","hentry","category-bayern","category-menue","tag-roaming"],"_links":{"self":[{"href":"https:\/\/www.frankensicht.de\/index.php?rest_route=\/wp\/v2\/posts\/6231","targetHints":{"allow":["GET"]}}],"collection":[{"href":"https:\/\/www.frankensicht.de\/index.php?rest_route=\/wp\/v2\/posts"}],"about":[{"href":"https:\/\/www.frankensicht.de\/index.php?rest_route=\/wp\/v2\/types\/post"}],"author":[{"embeddable":true,"href":"https:\/\/www.frankensicht.de\/index.php?rest_route=\/wp\/v2\/users\/7"}],"replies":[{"embeddable":true,"href":"https:\/\/www.frankensicht.de\/index.php?rest_route=%2Fwp%2Fv2%2Fcomments&post=6231"}],"version-history":[{"count":0,"href":"https:\/\/www.frankensicht.de\/index.php?rest_route=\/wp\/v2\/posts\/6231\/revisions"}],"wp:featuredmedia":[{"embeddable":true,"href":"https:\/\/www.frankensicht.de\/index.php?rest_route=\/wp\/v2\/media\/3002"}],"wp:attachment":[{"href":"https:\/\/www.frankensicht.de\/index.php?rest_route=%2Fwp%2Fv2%2Fmedia&parent=6231"}],"wp:term":[{"taxonomy":"category","embeddable":true,"href":"https:\/\/www.frankensicht.de\/index.php?rest_route=%2Fwp%2Fv2%2Fcategories&post=6231"},{"taxonomy":"post_tag","embeddable":true,"href":"https:\/\/www.frankensicht.de\/index.php?rest_route=%2Fwp%2Fv2%2Ftags&post=6231"}],"curies":[{"name":"wp","href":"https:\/\/api.w.org\/{rel}","templated":true}]}}