{"id":6223,"date":"2013-09-23T08:03:53","date_gmt":"2013-09-23T06:03:53","guid":{"rendered":"http:\/\/www.frankensicht.de\/?p=6223"},"modified":"2013-09-23T08:03:53","modified_gmt":"2013-09-23T06:03:53","slug":"bundestagswahl-2013","status":"publish","type":"post","link":"https:\/\/www.frankensicht.de\/?p=6223","title":{"rendered":"Bundestagswahl 2013"},"content":{"rendered":"<p><span style=\"color: #ff0000;\">Erlangen:<\/span><\/p>\n<p>Bundestagswahl 2013: Ergebnisse im Wahlkreis 242 \/ Erlangen<br \/>\nKreiswahlleiterin Marlene W\u00fcstner hat heute um 20:45 Uhr im Rathaus das vorl\u00e4ufige Endergebnis der Bundestagswahl in der Stadt Erlangen und im Landkreis Erlangen-H\u00f6chstadt, die gemeinsam den Wahlkreis 242 bilden, bekanntgegeben. Demnach zieht Stefan M\u00fcller (CSU) mit 48,5 % der abgegebenen Stimmen erneut als Direktkandidat in den Bundestag ein. Als st\u00e4rkste Partei setzte sich wiederum die CSU mit 41,7 % durch. Die Wahlbeteiligung lag bei 75,3 Prozent.<\/p>\n<p><a href=\"https:\/\/www.frankensicht.de\/?attachment_id=1513\" rel=\"attachment wp-att-1513\"><img loading=\"lazy\" decoding=\"async\" class=\"alignnone size-full wp-image-1513\" alt=\"statistik\" src=\"https:\/\/www.frankensicht.de\/wp-content\/uploads\/2012\/05\/statistik.jpeg\" width=\"370\" height=\"276\" srcset=\"https:\/\/www.frankensicht.de\/wp-content\/uploads\/2012\/05\/statistik.jpeg 370w, https:\/\/www.frankensicht.de\/wp-content\/uploads\/2012\/05\/statistik-300x223.jpg 300w\" sizes=\"auto, (max-width: 370px) 100vw, 370px\" \/><\/a><\/p>\n<p>Nachfolgend das Ergebnis im \u00dcberblick:<\/p>\n<p>Erststimme (Direktmandat):<br \/>\nStefan M\u00fcller (CSU): 48,5 % Martina Stamm-Fibich (SPD): 26,3 %<br \/>\nMichael Sz\u00e9kely (FDP): 2,2 % Ernst Rappold (Gr\u00fcne): 8,9 %<br \/>\nHans-Joachim Ehnes (Die Linke): 4,2 % Andreas Waas (Piraten): 2,4 %<br \/>\nAxel Michaelis (NPD): 0,7 % Beate Haskic (BP): 0,4 %<br \/>\nSiegfried Ermer (Alternative f\u00fcr Deutschland): 3,3 % Axel Rogner (Freie W\u00e4hler): 3,1 %<\/p>\n<p>Zweitstimme:<br \/>\nCSU: 41,7 % SPD: 24,3 %<br \/>\nFDP: 5,5 % Gr\u00fcne: 11,5 %<br \/>\nDie Linke: 4,4 % Piraten: 2,5 %<br \/>\nAlternative f\u00fcr Deutschland: 4,2 % Sonstige: 6,0 %<\/p>\n<p>Quelle: erlangen.de<\/p>\n","protected":false},"excerpt":{"rendered":"<p>Erlangen: Bundestagswahl 2013: Ergebnisse im Wahlkreis 242 \/ Erlangen Kreiswahlleiterin Marlene W\u00fcstner hat heute um 20:45 Uhr im Rathaus das vorl\u00e4ufige Endergebnis der Bundestagswahl in der Stadt Erlangen und im Landkreis Erlangen-H\u00f6chstadt, die gemeinsam den Wahlkreis 242 bilden, bekanntgegeben. Demnach zieht Stefan M\u00fcller (CSU) mit 48,5 % der abgegebenen Stimmen erneut als Direktkandidat in den [&hellip;]<\/p>\n","protected":false},"author":7,"featured_media":1513,"comment_status":"open","ping_status":"open","sticky":false,"template":"","format":"standard","meta":{"footnotes":""},"categories":[111,71,85],"tags":[1317],"class_list":["post-6223","post","type-post","status-publish","format-standard","has-post-thumbnail","hentry","category-erlangen-mittelfranken","category-menue","category-mittelfranken","tag-wahlergebnis-erlangen"],"_links":{"self":[{"href":"https:\/\/www.frankensicht.de\/index.php?rest_route=\/wp\/v2\/posts\/6223","targetHints":{"allow":["GET"]}}],"collection":[{"href":"https:\/\/www.frankensicht.de\/index.php?rest_route=\/wp\/v2\/posts"}],"about":[{"href":"https:\/\/www.frankensicht.de\/index.php?rest_route=\/wp\/v2\/types\/post"}],"author":[{"embeddable":true,"href":"https:\/\/www.frankensicht.de\/index.php?rest_route=\/wp\/v2\/users\/7"}],"replies":[{"embeddable":true,"href":"https:\/\/www.frankensicht.de\/index.php?rest_route=%2Fwp%2Fv2%2Fcomments&post=6223"}],"version-history":[{"count":0,"href":"https:\/\/www.frankensicht.de\/index.php?rest_route=\/wp\/v2\/posts\/6223\/revisions"}],"wp:featuredmedia":[{"embeddable":true,"href":"https:\/\/www.frankensicht.de\/index.php?rest_route=\/wp\/v2\/media\/1513"}],"wp:attachment":[{"href":"https:\/\/www.frankensicht.de\/index.php?rest_route=%2Fwp%2Fv2%2Fmedia&parent=6223"}],"wp:term":[{"taxonomy":"category","embeddable":true,"href":"https:\/\/www.frankensicht.de\/index.php?rest_route=%2Fwp%2Fv2%2Fcategories&post=6223"},{"taxonomy":"post_tag","embeddable":true,"href":"https:\/\/www.frankensicht.de\/index.php?rest_route=%2Fwp%2Fv2%2Ftags&post=6223"}],"curies":[{"name":"wp","href":"https:\/\/api.w.org\/{rel}","templated":true}]}}