{"id":6207,"date":"2013-09-20T08:55:42","date_gmt":"2013-09-20T06:55:42","guid":{"rendered":"http:\/\/www.frankensicht.de\/?p=6207"},"modified":"2013-09-20T08:55:42","modified_gmt":"2013-09-20T06:55:42","slug":"monatsbericht-september-2013","status":"publish","type":"post","link":"https:\/\/www.frankensicht.de\/?p=6207","title":{"rendered":"Monatsbericht September 2013"},"content":{"rendered":"<p><span style=\"color: #ff0000;\">Berlin:<\/span><\/p>\n<p>Die Staats- und Regierungschefs der G20-Staaten haben sich auf ihrem Gipfeltreffen am 5. und 6. September 2013 in St. Petersburg deutlich f\u00fcr mehr internationale Steuergerechtigkeit ausgesprochen und sich zu wirksamen Schritten gegen die Steuervermeidung international t\u00e4tiger Unternehmen verpflichtet. Die steuerlichen Standards, die zum Teil noch zu Zeiten entwickelt worden sind, als Unternehmen in erheblich geringerem Ma\u00dfe grenz\u00fcberschreitend und arbeitsteilig t\u00e4tig waren, m\u00fcssen angepasst werden. Deutschland hatte und hat an der Aufarbeitung und L\u00f6sung des Themas ein besonderes Interesse. Ziel ist es, den Rahmen f\u00fcr einen fairen Steuerwettbewerb zu definieren und dabei wirtschaftspolitisch wie fiskalisch unerw\u00fcnschte Effekte zu verhindern. Hierbei setzen wir weiter auf internationale L\u00f6sungen. Weitere Informationen zum Aktionsplan gegen Gewinnk\u00fcrzungen und Gewinnverlagerungen multinational t\u00e4tiger Unternehmen (BEPS) finden Sie im Artikel \u201eInitiative f\u00fcr fairen internationalen Steuerwettbewerb\u201c im aktuellen Monatsbericht des BMF. Des Weiteren finden Sie im Monatsbericht September 2013 eine Analyse zur Anwendung der Schuldenbremse auf das Haushaltsjahr 2012, einen Artikel zum finanzpolitischen Teil des Berichts zur finanziellen Lage des Bundes und zur wirtschaftlichen Entwicklung in Deutschland, der am 28. August 2013 im Kabinett zur Kenntnis genommen wurde, sowie einen Bericht zur Ver\u00e4u\u00dferung des Bundesanteils an der Duisburger Hafen AG.<\/p>\n<p>Quelle: bundesfinanzministerium.de<\/p>\n<p><a href=\"https:\/\/www.frankensicht.de\/?attachment_id=1513\" rel=\"attachment wp-att-1513\"><img loading=\"lazy\" decoding=\"async\" class=\"alignnone size-full wp-image-1513\" alt=\"statistik\" src=\"https:\/\/www.frankensicht.de\/wp-content\/uploads\/2012\/05\/statistik.jpeg\" width=\"370\" height=\"276\" srcset=\"https:\/\/www.frankensicht.de\/wp-content\/uploads\/2012\/05\/statistik.jpeg 370w, https:\/\/www.frankensicht.de\/wp-content\/uploads\/2012\/05\/statistik-300x223.jpg 300w\" sizes=\"auto, (max-width: 370px) 100vw, 370px\" \/><\/a><\/p>\n","protected":false},"excerpt":{"rendered":"<p>Berlin: Die Staats- und Regierungschefs der G20-Staaten haben sich auf ihrem Gipfeltreffen am 5. und 6. September 2013 in St. Petersburg deutlich f\u00fcr mehr internationale Steuergerechtigkeit ausgesprochen und sich zu wirksamen Schritten gegen die Steuervermeidung international t\u00e4tiger Unternehmen verpflichtet. Die steuerlichen Standards, die zum Teil noch zu Zeiten entwickelt worden sind, als Unternehmen in erheblich [&hellip;]<\/p>\n","protected":false},"author":7,"featured_media":1513,"comment_status":"open","ping_status":"open","sticky":false,"template":"","format":"standard","meta":{"footnotes":""},"categories":[44,3],"tags":[1316],"class_list":["post-6207","post","type-post","status-publish","format-standard","has-post-thumbnail","hentry","category-deutschland-2","category-news","tag-g20-staaten"],"_links":{"self":[{"href":"https:\/\/www.frankensicht.de\/index.php?rest_route=\/wp\/v2\/posts\/6207","targetHints":{"allow":["GET"]}}],"collection":[{"href":"https:\/\/www.frankensicht.de\/index.php?rest_route=\/wp\/v2\/posts"}],"about":[{"href":"https:\/\/www.frankensicht.de\/index.php?rest_route=\/wp\/v2\/types\/post"}],"author":[{"embeddable":true,"href":"https:\/\/www.frankensicht.de\/index.php?rest_route=\/wp\/v2\/users\/7"}],"replies":[{"embeddable":true,"href":"https:\/\/www.frankensicht.de\/index.php?rest_route=%2Fwp%2Fv2%2Fcomments&post=6207"}],"version-history":[{"count":0,"href":"https:\/\/www.frankensicht.de\/index.php?rest_route=\/wp\/v2\/posts\/6207\/revisions"}],"wp:featuredmedia":[{"embeddable":true,"href":"https:\/\/www.frankensicht.de\/index.php?rest_route=\/wp\/v2\/media\/1513"}],"wp:attachment":[{"href":"https:\/\/www.frankensicht.de\/index.php?rest_route=%2Fwp%2Fv2%2Fmedia&parent=6207"}],"wp:term":[{"taxonomy":"category","embeddable":true,"href":"https:\/\/www.frankensicht.de\/index.php?rest_route=%2Fwp%2Fv2%2Fcategories&post=6207"},{"taxonomy":"post_tag","embeddable":true,"href":"https:\/\/www.frankensicht.de\/index.php?rest_route=%2Fwp%2Fv2%2Ftags&post=6207"}],"curies":[{"name":"wp","href":"https:\/\/api.w.org\/{rel}","templated":true}]}}