{"id":6201,"date":"2013-09-19T09:54:54","date_gmt":"2013-09-19T07:54:54","guid":{"rendered":"http:\/\/www.frankensicht.de\/?p=6201"},"modified":"2013-09-19T09:54:54","modified_gmt":"2013-09-19T07:54:54","slug":"merk-zum-weltkindertag-farbe-bekennen-zum-schutz-der-kinder","status":"publish","type":"post","link":"https:\/\/www.frankensicht.de\/?p=6201","title":{"rendered":"Merk zum Weltkindertag: &#8222;Farbe bekennen zum Schutz der Kinder!&#8220;"},"content":{"rendered":"<p><span style=\"color: #ff0000;\">M\u00fcnchen:<\/span><\/p>\n<p>Anl\u00e4sslich des morgigen Weltkindertages erinnert Bayerns Justiz- und Verbraucherschutzministerin Dr. Beate Merk an Artikel 125 der Bayerischen Verfassung: &#8222;Kinder sind das k\u00f6stlichste Gut eines Volkes&#8220;. &#8222;Das bedeutet, dass wir sie auch so behandeln m\u00fcssen &#8211; und zwar ganz konkret in der t\u00e4glichen Politik, auch in der Rechtspolitik&#8220;, so Merk.<\/p>\n<p>&#8222;Wir m\u00fcssen deshalb Kindern auch beim Schutz vor Straftaten h\u00f6chste Priorit\u00e4t einr\u00e4umen. Es darf nicht sein, dass der Handtaschenraub in jedem Fall ein Verbrechen ist, nicht aber der sexuelle Missbrauch eines Kindes. Hier muss die Gesellschaft Farbe bekennen und zeigen, dass der Schutz der Kinder an alleroberster Stelle steht.&#8220; Au\u00dferdem forderte Merk eine deutliche Verl\u00e4ngerung der Verj\u00e4hrungsfrist bei sexuellem Kindesmissbrauch von derzeit 10 bzw. 20 Jahren auf 30 Jahre. &#8222;Den Opfern muss eine m\u00f6glichst gro\u00dfe Chance zuteil werden, ein Trauma vor Verj\u00e4hrungseintritt so weit zu \u00fcberwinden, dass ihnen eine freie Entscheidung \u00fcber die Anzeigeerstattung noch rechtzeitig m\u00f6glich ist&#8220;, so Merk.<\/p>\n<p>Merk setzt aber nicht allein auf Strafversch\u00e4rfungen, sondern appelliert auch an die Gesellschaft: &#8222;Ich rufe jedermann auf, nicht wegzusehen, wenn Kindern ein Leid zugef\u00fcgt wird, sondern zu helfen! Was Kinder wirklich brauchen, sind Erwachsene, die immer ein offenes Ohr und ein waches Auge f\u00fcr sie haben.&#8220;<\/p>\n<p>Der Weltkindertag erinnert an die Rechte der Kinder und ihre Durchsetzung. er wird seit der Wiedervereinigung deutschlandweit am 20. September begangen.<\/p>\n<p>Quelle:stmj.bayern.de<\/p>\n<p><a href=\"https:\/\/www.frankensicht.de\/?attachment_id=6205\" rel=\"attachment wp-att-6205\"><img loading=\"lazy\" decoding=\"async\" class=\"alignnone size-full wp-image-6205\" alt=\"kinder\" src=\"https:\/\/www.frankensicht.de\/wp-content\/uploads\/2013\/09\/kinder.jpg\" width=\"640\" height=\"480\" srcset=\"https:\/\/www.frankensicht.de\/wp-content\/uploads\/2013\/09\/kinder.jpg 640w, https:\/\/www.frankensicht.de\/wp-content\/uploads\/2013\/09\/kinder-300x225.jpg 300w\" sizes=\"auto, (max-width: 640px) 100vw, 640px\" \/><\/a><\/p>\n","protected":false},"excerpt":{"rendered":"<p>M\u00fcnchen: Anl\u00e4sslich des morgigen Weltkindertages erinnert Bayerns Justiz- und Verbraucherschutzministerin Dr. Beate Merk an Artikel 125 der Bayerischen Verfassung: &#8222;Kinder sind das k\u00f6stlichste Gut eines Volkes&#8220;. &#8222;Das bedeutet, dass wir sie auch so behandeln m\u00fcssen &#8211; und zwar ganz konkret in der t\u00e4glichen Politik, auch in der Rechtspolitik&#8220;, so Merk. &#8222;Wir m\u00fcssen deshalb Kindern auch [&hellip;]<\/p>\n","protected":false},"author":7,"featured_media":6205,"comment_status":"open","ping_status":"open","sticky":false,"template":"","format":"standard","meta":{"footnotes":""},"categories":[78,71],"tags":[1315],"class_list":["post-6201","post","type-post","status-publish","format-standard","has-post-thumbnail","hentry","category-bayern","category-menue","tag-weltkindertag"],"_links":{"self":[{"href":"https:\/\/www.frankensicht.de\/index.php?rest_route=\/wp\/v2\/posts\/6201","targetHints":{"allow":["GET"]}}],"collection":[{"href":"https:\/\/www.frankensicht.de\/index.php?rest_route=\/wp\/v2\/posts"}],"about":[{"href":"https:\/\/www.frankensicht.de\/index.php?rest_route=\/wp\/v2\/types\/post"}],"author":[{"embeddable":true,"href":"https:\/\/www.frankensicht.de\/index.php?rest_route=\/wp\/v2\/users\/7"}],"replies":[{"embeddable":true,"href":"https:\/\/www.frankensicht.de\/index.php?rest_route=%2Fwp%2Fv2%2Fcomments&post=6201"}],"version-history":[{"count":0,"href":"https:\/\/www.frankensicht.de\/index.php?rest_route=\/wp\/v2\/posts\/6201\/revisions"}],"wp:featuredmedia":[{"embeddable":true,"href":"https:\/\/www.frankensicht.de\/index.php?rest_route=\/wp\/v2\/media\/6205"}],"wp:attachment":[{"href":"https:\/\/www.frankensicht.de\/index.php?rest_route=%2Fwp%2Fv2%2Fmedia&parent=6201"}],"wp:term":[{"taxonomy":"category","embeddable":true,"href":"https:\/\/www.frankensicht.de\/index.php?rest_route=%2Fwp%2Fv2%2Fcategories&post=6201"},{"taxonomy":"post_tag","embeddable":true,"href":"https:\/\/www.frankensicht.de\/index.php?rest_route=%2Fwp%2Fv2%2Ftags&post=6201"}],"curies":[{"name":"wp","href":"https:\/\/api.w.org\/{rel}","templated":true}]}}