{"id":6197,"date":"2013-09-21T08:23:31","date_gmt":"2013-09-21T06:23:31","guid":{"rendered":"http:\/\/www.frankensicht.de\/?p=6197"},"modified":"2013-09-21T08:23:31","modified_gmt":"2013-09-21T06:23:31","slug":"513-liter-kraeuter-und-fruechtetee-hat-jeder-buerger-in-deutschland-im-jahr-2012-durchschnittlich-getrunken","status":"publish","type":"post","link":"https:\/\/www.frankensicht.de\/?p=6197","title":{"rendered":"51,3 Liter Kr\u00e4uter- und Fr\u00fcchtetee hat jeder B\u00fcrger in Deutschland im Jahr 2012 durchschnittlich getrunken"},"content":{"rendered":"<p><span style=\"color: #ff0000;\">Die Zahl der Woche<\/span><\/p>\n<p>Jede Woche pr\u00e4sentiert das BMELV interessante Zahlen zu den Themen Ern\u00e4hrung, Landwirtschaft und Verbraucherschutz.<\/p>\n<p>51,3 Liter<br \/>\nKr\u00e4uter- und Fr\u00fcchtetee hat jeder B\u00fcrger in Deutschland im Jahr 2012 durchschnittlich getrunken. Damit konsumieren die Verbraucherinnen und Verbraucher Kr\u00e4uter- und Fr\u00fcchteteesorten deutlich h\u00e4ufiger als schwarzen Tee, von dem im vergangenen Jahr pro Kopf 25,7 Liter (einschlie\u00dflich gr\u00fcner Tee) getrunken wurden. Auf Platz eins des Konsums an Getr\u00e4nken alkoholischer und nicht alkoholischer Art steht nach wie vor der Bohnenkaffee mit 151,4 Litern pro Kopf. Ern\u00e4hrungsexperten empfehlen am Tag mindestens 1,5 Liter alkoholfreier Getr\u00e4nke zu trinken. Neben Wasser und Obst- oder Gem\u00fcseschorlen sind Kr\u00e4uter- und Fr\u00fcchtetees daf\u00fcr sehr gut geeignet.<\/p>\n<p>Quelle:bmelv.bund.de<\/p>\n<p><a href=\"https:\/\/www.frankensicht.de\/?attachment_id=2721\" rel=\"attachment wp-att-2721\"><img loading=\"lazy\" decoding=\"async\" class=\"alignnone size-full wp-image-2721\" alt=\"tee\" src=\"https:\/\/www.frankensicht.de\/wp-content\/uploads\/2012\/06\/tee.jpg\" width=\"480\" height=\"640\" srcset=\"https:\/\/www.frankensicht.de\/wp-content\/uploads\/2012\/06\/tee.jpg 480w, https:\/\/www.frankensicht.de\/wp-content\/uploads\/2012\/06\/tee-225x300.jpg 225w\" sizes=\"auto, (max-width: 480px) 100vw, 480px\" \/><\/a><\/p>\n<p>&nbsp;<\/p>\n","protected":false},"excerpt":{"rendered":"<p>Die Zahl der Woche Jede Woche pr\u00e4sentiert das BMELV interessante Zahlen zu den Themen Ern\u00e4hrung, Landwirtschaft und Verbraucherschutz. 51,3 Liter Kr\u00e4uter- und Fr\u00fcchtetee hat jeder B\u00fcrger in Deutschland im Jahr 2012 durchschnittlich getrunken. Damit konsumieren die Verbraucherinnen und Verbraucher Kr\u00e4uter- und Fr\u00fcchteteesorten deutlich h\u00e4ufiger als schwarzen Tee, von dem im vergangenen Jahr pro Kopf 25,7 [&hellip;]<\/p>\n","protected":false},"author":7,"featured_media":2721,"comment_status":"open","ping_status":"open","sticky":false,"template":"","format":"standard","meta":{"footnotes":""},"categories":[44,3],"tags":[1314],"class_list":["post-6197","post","type-post","status-publish","format-standard","has-post-thumbnail","hentry","category-deutschland-2","category-news","tag-kraeuter-und-fruechtetee"],"_links":{"self":[{"href":"https:\/\/www.frankensicht.de\/index.php?rest_route=\/wp\/v2\/posts\/6197","targetHints":{"allow":["GET"]}}],"collection":[{"href":"https:\/\/www.frankensicht.de\/index.php?rest_route=\/wp\/v2\/posts"}],"about":[{"href":"https:\/\/www.frankensicht.de\/index.php?rest_route=\/wp\/v2\/types\/post"}],"author":[{"embeddable":true,"href":"https:\/\/www.frankensicht.de\/index.php?rest_route=\/wp\/v2\/users\/7"}],"replies":[{"embeddable":true,"href":"https:\/\/www.frankensicht.de\/index.php?rest_route=%2Fwp%2Fv2%2Fcomments&post=6197"}],"version-history":[{"count":0,"href":"https:\/\/www.frankensicht.de\/index.php?rest_route=\/wp\/v2\/posts\/6197\/revisions"}],"wp:featuredmedia":[{"embeddable":true,"href":"https:\/\/www.frankensicht.de\/index.php?rest_route=\/wp\/v2\/media\/2721"}],"wp:attachment":[{"href":"https:\/\/www.frankensicht.de\/index.php?rest_route=%2Fwp%2Fv2%2Fmedia&parent=6197"}],"wp:term":[{"taxonomy":"category","embeddable":true,"href":"https:\/\/www.frankensicht.de\/index.php?rest_route=%2Fwp%2Fv2%2Fcategories&post=6197"},{"taxonomy":"post_tag","embeddable":true,"href":"https:\/\/www.frankensicht.de\/index.php?rest_route=%2Fwp%2Fv2%2Ftags&post=6197"}],"curies":[{"name":"wp","href":"https:\/\/api.w.org\/{rel}","templated":true}]}}