{"id":6194,"date":"2013-09-19T08:11:52","date_gmt":"2013-09-19T06:11:52","guid":{"rendered":"http:\/\/www.frankensicht.de\/?p=6194"},"modified":"2013-09-19T08:11:52","modified_gmt":"2013-09-19T06:11:52","slug":"tag-der-offenen-tuer-bei-der-feuerwehr","status":"publish","type":"post","link":"https:\/\/www.frankensicht.de\/?p=6194","title":{"rendered":"Tag der Offenen T\u00fcr bei der Feuerwehr"},"content":{"rendered":"<p><span style=\"color: #ff0000;\">Erlangen:<\/span><\/p>\n<p>Tag der Offenen T\u00fcr bei der Feuerwehr<br \/>\nEin \u201ehei\u00dfer\u201c Sonntag erwartet die Besucherinnen und Besucher am 22. September bei der Erlanger Feuerwehr. Die Brandsch\u00fctzer laden von 10:00 bis 17:00 Uhr zum traditionellen Tag der offenen T\u00fcr auf die Hauptfeuerwache (\u00c4u\u00dfere Brucker Stra\u00dfe 32) ein. Das umfangreiche Programm beinhaltet neben der Pr\u00e4sentation der verschiedenen Schutzkleidungen auch die Vorstellung der Jugendfeuerwehr. Dar\u00fcber hinaus werden verschiedene Gefahrensituationen und der Einsatz der Tauchergruppe vorgestellt. Oberb\u00fcrgermeister Siegfried Balleis sowie B\u00fcrgermeisterin und Katastrophenschutzreferentin Birgitt A\u00dfmus werden erwartet.<\/p>\n<p>Quelle:erlangen.de<\/p>\n<p><a href=\"https:\/\/www.frankensicht.de\/?attachment_id=668\" rel=\"attachment wp-att-668\"><img loading=\"lazy\" decoding=\"async\" class=\"alignnone size-full wp-image-668\" alt=\"feuerwehr\" src=\"https:\/\/www.frankensicht.de\/wp-content\/uploads\/2012\/04\/feuerwehr.jpg\" width=\"300\" height=\"200\" srcset=\"https:\/\/www.frankensicht.de\/wp-content\/uploads\/2012\/04\/feuerwehr.jpg 300w, https:\/\/www.frankensicht.de\/wp-content\/uploads\/2012\/04\/feuerwehr-298x200.jpg 298w, https:\/\/www.frankensicht.de\/wp-content\/uploads\/2012\/04\/feuerwehr-220x146.jpg 220w\" sizes=\"auto, (max-width: 300px) 100vw, 300px\" \/><\/a><\/p>\n","protected":false},"excerpt":{"rendered":"<p>Erlangen: Tag der Offenen T\u00fcr bei der Feuerwehr Ein \u201ehei\u00dfer\u201c Sonntag erwartet die Besucherinnen und Besucher am 22. September bei der Erlanger Feuerwehr. Die Brandsch\u00fctzer laden von 10:00 bis 17:00 Uhr zum traditionellen Tag der offenen T\u00fcr auf die Hauptfeuerwache (\u00c4u\u00dfere Brucker Stra\u00dfe 32) ein. Das umfangreiche Programm beinhaltet neben der Pr\u00e4sentation der verschiedenen Schutzkleidungen [&hellip;]<\/p>\n","protected":false},"author":7,"featured_media":668,"comment_status":"open","ping_status":"open","sticky":false,"template":"","format":"standard","meta":{"footnotes":""},"categories":[111,71,85],"tags":[173],"class_list":["post-6194","post","type-post","status-publish","format-standard","has-post-thumbnail","hentry","category-erlangen-mittelfranken","category-menue","category-mittelfranken","tag-feuerwehr"],"_links":{"self":[{"href":"https:\/\/www.frankensicht.de\/index.php?rest_route=\/wp\/v2\/posts\/6194","targetHints":{"allow":["GET"]}}],"collection":[{"href":"https:\/\/www.frankensicht.de\/index.php?rest_route=\/wp\/v2\/posts"}],"about":[{"href":"https:\/\/www.frankensicht.de\/index.php?rest_route=\/wp\/v2\/types\/post"}],"author":[{"embeddable":true,"href":"https:\/\/www.frankensicht.de\/index.php?rest_route=\/wp\/v2\/users\/7"}],"replies":[{"embeddable":true,"href":"https:\/\/www.frankensicht.de\/index.php?rest_route=%2Fwp%2Fv2%2Fcomments&post=6194"}],"version-history":[{"count":0,"href":"https:\/\/www.frankensicht.de\/index.php?rest_route=\/wp\/v2\/posts\/6194\/revisions"}],"wp:featuredmedia":[{"embeddable":true,"href":"https:\/\/www.frankensicht.de\/index.php?rest_route=\/wp\/v2\/media\/668"}],"wp:attachment":[{"href":"https:\/\/www.frankensicht.de\/index.php?rest_route=%2Fwp%2Fv2%2Fmedia&parent=6194"}],"wp:term":[{"taxonomy":"category","embeddable":true,"href":"https:\/\/www.frankensicht.de\/index.php?rest_route=%2Fwp%2Fv2%2Fcategories&post=6194"},{"taxonomy":"post_tag","embeddable":true,"href":"https:\/\/www.frankensicht.de\/index.php?rest_route=%2Fwp%2Fv2%2Ftags&post=6194"}],"curies":[{"name":"wp","href":"https:\/\/api.w.org\/{rel}","templated":true}]}}