{"id":6189,"date":"2013-09-18T08:39:16","date_gmt":"2013-09-18T06:39:16","guid":{"rendered":"http:\/\/www.frankensicht.de\/?p=6189"},"modified":"2013-09-18T08:39:16","modified_gmt":"2013-09-18T06:39:16","slug":"jugendstrafrecht-fuer-18-21-jaehrige","status":"publish","type":"post","link":"https:\/\/www.frankensicht.de\/?p=6189","title":{"rendered":"Jugendstrafrecht fuer 18 -21 j\u00e4hrige"},"content":{"rendered":"<p><span style=\"color: #ff0000;\">M\u00fcnchen:<\/span><\/p>\n<p>Justizministerin Beate Merk fordert klare Regelung: &#8222;F\u00fcr 18-21-j\u00e4hrige muss Erwachsenenstrafrecht der Regelfall sein&#8220; \/ &#8222;Wer Vertr\u00e4ge schlie\u00dfen und Unternehmen gr\u00fcnden darf, muss sich auch im Strafrecht als Erwachsener behandeln lassen&#8220;<br \/>\nBayerns Justizministerin Dr. Beate Merk fordert eine Klarstellung im Gesetz, dass auf Straftaten so genannter Heranwachsender, d.h. 18-21-J\u00e4hriger, in der Regel Erwachsenenstrafrecht angewendet wird. &#8222;Wer alle Rechte eines Erwachsenen hat, zum Beispiel Vertr\u00e4ge abschlie\u00dfen und Firmen gr\u00fcnden darf, der sollte auch vom Strafrecht als Erwachsener behandelt werden&#8220;, so Merk.<\/p>\n<p>Nach derzeitiger Rechtslage ist auf Heranwachsende Jugendstrafrecht anzuwenden, wenn sie nach ihrem Reifegrad noch Jugendlichen gleichstehen oder wenn es sich um &#8222;typische Jugendverfehlungen&#8220; handelt; ansonsten gilt Erwachsenenstrafrecht. Dennoch wenden Gerichte bei Heranwachsenden immer h\u00e4ufiger Jugendstrafrecht an. So hat in Bayern der Anteil der nach Jugendstrafrecht verurteilten Heranwachsenden nach der j\u00fcngst ver\u00f6ffentlichten Strafverfolgungsstatistik 2012 ebenso wie in den Vorjahren weiter zugenommen. Bei 9.035 der im Jahr 2012 verurteilten 12.111 Heranwachsenden, d.h. 74,6 %, haben die Richterinnen und Richter Jugendstrafrecht angewandt. Dieser Wert \u00fcbertrifft die Quoten der fr\u00fcheren Jahre (2011: 74,4 %, 2010: 73,4 %). Zu beobachten sind auch bundesweit erhebliche Unterschiede des Anteils der nach Erwachsenenstrafrecht Verurteilten im Vergleich der st\u00e4dtischen und l\u00e4ndlichen Regionen. Merk sieht darin auch ein Gerechtigkeitsproblem: &#8222;Solche Unterschiede sind kaum vermittelbar. Reifer\u00fcckst\u00e4nde oder typische Jugendverfehlungen d\u00fcrften auf dem Land genauso h\u00e4ufig oder selten sein wie in der Stadt. Wir brauchen deshalb eine eindeutige Regelung. Und dazu m\u00fcssen wir im Gesetz klarstellen, dass das Strafrecht f\u00fcr Erwachsene auch f\u00fcr 18-21-J\u00e4hrige der Normalfall ist.&#8220;<\/p>\n<p>Quelle:stmj.bayern.de<\/p>\n<p><a href=\"https:\/\/www.frankensicht.de\/?attachment_id=1410\" rel=\"attachment wp-att-1410\"><img loading=\"lazy\" decoding=\"async\" class=\"alignnone size-full wp-image-1410\" alt=\"paragraf\" src=\"https:\/\/www.frankensicht.de\/wp-content\/uploads\/2012\/05\/paragraf.jpg\" width=\"640\" height=\"400\" srcset=\"https:\/\/www.frankensicht.de\/wp-content\/uploads\/2012\/05\/paragraf.jpg 640w, https:\/\/www.frankensicht.de\/wp-content\/uploads\/2012\/05\/paragraf-300x187.jpg 300w\" sizes=\"auto, (max-width: 640px) 100vw, 640px\" \/><\/a><\/p>\n","protected":false},"excerpt":{"rendered":"<p>M\u00fcnchen: Justizministerin Beate Merk fordert klare Regelung: &#8222;F\u00fcr 18-21-j\u00e4hrige muss Erwachsenenstrafrecht der Regelfall sein&#8220; \/ &#8222;Wer Vertr\u00e4ge schlie\u00dfen und Unternehmen gr\u00fcnden darf, muss sich auch im Strafrecht als Erwachsener behandeln lassen&#8220; Bayerns Justizministerin Dr. Beate Merk fordert eine Klarstellung im Gesetz, dass auf Straftaten so genannter Heranwachsender, d.h. 18-21-J\u00e4hriger, in der Regel Erwachsenenstrafrecht angewendet wird. [&hellip;]<\/p>\n","protected":false},"author":7,"featured_media":1410,"comment_status":"open","ping_status":"open","sticky":false,"template":"","format":"standard","meta":{"footnotes":""},"categories":[78,71],"tags":[1313],"class_list":["post-6189","post","type-post","status-publish","format-standard","has-post-thumbnail","hentry","category-bayern","category-menue","tag-jugendstrafrecht"],"_links":{"self":[{"href":"https:\/\/www.frankensicht.de\/index.php?rest_route=\/wp\/v2\/posts\/6189","targetHints":{"allow":["GET"]}}],"collection":[{"href":"https:\/\/www.frankensicht.de\/index.php?rest_route=\/wp\/v2\/posts"}],"about":[{"href":"https:\/\/www.frankensicht.de\/index.php?rest_route=\/wp\/v2\/types\/post"}],"author":[{"embeddable":true,"href":"https:\/\/www.frankensicht.de\/index.php?rest_route=\/wp\/v2\/users\/7"}],"replies":[{"embeddable":true,"href":"https:\/\/www.frankensicht.de\/index.php?rest_route=%2Fwp%2Fv2%2Fcomments&post=6189"}],"version-history":[{"count":0,"href":"https:\/\/www.frankensicht.de\/index.php?rest_route=\/wp\/v2\/posts\/6189\/revisions"}],"wp:featuredmedia":[{"embeddable":true,"href":"https:\/\/www.frankensicht.de\/index.php?rest_route=\/wp\/v2\/media\/1410"}],"wp:attachment":[{"href":"https:\/\/www.frankensicht.de\/index.php?rest_route=%2Fwp%2Fv2%2Fmedia&parent=6189"}],"wp:term":[{"taxonomy":"category","embeddable":true,"href":"https:\/\/www.frankensicht.de\/index.php?rest_route=%2Fwp%2Fv2%2Fcategories&post=6189"},{"taxonomy":"post_tag","embeddable":true,"href":"https:\/\/www.frankensicht.de\/index.php?rest_route=%2Fwp%2Fv2%2Ftags&post=6189"}],"curies":[{"name":"wp","href":"https:\/\/api.w.org\/{rel}","templated":true}]}}