{"id":6167,"date":"2013-09-13T08:45:50","date_gmt":"2013-09-13T06:45:50","guid":{"rendered":"http:\/\/www.frankensicht.de\/?p=6167"},"modified":"2013-09-13T08:45:50","modified_gmt":"2013-09-13T06:45:50","slug":"roaming-2","status":"publish","type":"post","link":"https:\/\/www.frankensicht.de\/?p=6167","title":{"rendered":"Roaming"},"content":{"rendered":"<p><span style=\"color: #ff0000;\">M\u00fcnchen:<\/span><\/p>\n<p>Bayerns Verbraucherschutzministerin Dr. Beate Merk zu den Roaming-Pl\u00e4nen der EU-Kommission: &#8222;Telekommunikationsbranche soll Blockadehaltung aufgeben!&#8220;<\/p>\n<p><a href=\"https:\/\/www.frankensicht.de\/?attachment_id=950\" rel=\"attachment wp-att-950\"><img loading=\"lazy\" decoding=\"async\" class=\"alignnone size-full wp-image-950\" alt=\"P1000427\" src=\"https:\/\/www.frankensicht.de\/wp-content\/uploads\/2012\/04\/P1000427.jpg\" width=\"640\" height=\"480\" srcset=\"https:\/\/www.frankensicht.de\/wp-content\/uploads\/2012\/04\/P1000427.jpg 640w, https:\/\/www.frankensicht.de\/wp-content\/uploads\/2012\/04\/P1000427-300x225.jpg 300w\" sizes=\"auto, (max-width: 640px) 100vw, 640px\" \/><\/a><\/p>\n<p>Anl\u00e4sslich des aktuellen Gesetzentwurfs der Europ\u00e4ischen Kommission zur Abschaffung der Roaming-Geb\u00fchren ruft Bayerns Verbraucherschutzministerin Dr. Beate Merk die Telekommunikationsunternehmen auf, ihre Blockadehaltung gegen die Abschaffung der Roaming-Geb\u00fchren aufzugeben. Auch warnt sie davor, durch die Hintert\u00fcr der Geb\u00fchrenerh\u00f6hung in anderen Bereichen die Verbraucher wieder zu belasten: &#8222;Der Wegfall der Roaming-Geb\u00fchr muss dem Verbraucher in voller H\u00f6he zugutekommen. Aufwand und Kosten der Unternehmen rechtfertigen kein Abw\u00e4lzen auf den Verbraucher. Au\u00dferdem d\u00fcrften sich Einbu\u00dfen und Mehreinnahmen die Waage halten, da die Verbraucher beim Wegfall der Roaming-Geb\u00fchren ja auch mehr im Ausland telefonieren werden.&#8220;<\/p>\n<p>Zudem forderte Merk eine wirkliche Netzneutralit\u00e4t. &#8222;Wenn die Kommission jetzt vorschl\u00e4gt, dass in Ausnahmef\u00e4llen Inhalte verlangsamt oder gar blockiert werden k\u00f6nnen, dann darf das nicht zu Lasten der Kunden und der Angebotsvielfalt gehen. Ich fordere, dass diese Ausnahmef\u00e4lle so konkret und eng formuliert werden, dass kein Schlupfloch bleibt. Das Internet muss f\u00fcr alle gleicherma\u00dfen offen sein. Ein Zweischichten-Internet mit Schneckentempo und Variante de Luxe darf es nicht geben.&#8220;<\/p>\n<p>Quelle:stmj.bayern.de<\/p>\n","protected":false},"excerpt":{"rendered":"<p>M\u00fcnchen: Bayerns Verbraucherschutzministerin Dr. Beate Merk zu den Roaming-Pl\u00e4nen der EU-Kommission: &#8222;Telekommunikationsbranche soll Blockadehaltung aufgeben!&#8220; Anl\u00e4sslich des aktuellen Gesetzentwurfs der Europ\u00e4ischen Kommission zur Abschaffung der Roaming-Geb\u00fchren ruft Bayerns Verbraucherschutzministerin Dr. Beate Merk die Telekommunikationsunternehmen auf, ihre Blockadehaltung gegen die Abschaffung der Roaming-Geb\u00fchren aufzugeben. Auch warnt sie davor, durch die Hintert\u00fcr der Geb\u00fchrenerh\u00f6hung in anderen Bereichen [&hellip;]<\/p>\n","protected":false},"author":7,"featured_media":950,"comment_status":"open","ping_status":"open","sticky":false,"template":"","format":"standard","meta":{"footnotes":""},"categories":[78,71],"tags":[1310],"class_list":["post-6167","post","type-post","status-publish","format-standard","has-post-thumbnail","hentry","category-bayern","category-menue","tag-roaming"],"_links":{"self":[{"href":"https:\/\/www.frankensicht.de\/index.php?rest_route=\/wp\/v2\/posts\/6167","targetHints":{"allow":["GET"]}}],"collection":[{"href":"https:\/\/www.frankensicht.de\/index.php?rest_route=\/wp\/v2\/posts"}],"about":[{"href":"https:\/\/www.frankensicht.de\/index.php?rest_route=\/wp\/v2\/types\/post"}],"author":[{"embeddable":true,"href":"https:\/\/www.frankensicht.de\/index.php?rest_route=\/wp\/v2\/users\/7"}],"replies":[{"embeddable":true,"href":"https:\/\/www.frankensicht.de\/index.php?rest_route=%2Fwp%2Fv2%2Fcomments&post=6167"}],"version-history":[{"count":0,"href":"https:\/\/www.frankensicht.de\/index.php?rest_route=\/wp\/v2\/posts\/6167\/revisions"}],"wp:featuredmedia":[{"embeddable":true,"href":"https:\/\/www.frankensicht.de\/index.php?rest_route=\/wp\/v2\/media\/950"}],"wp:attachment":[{"href":"https:\/\/www.frankensicht.de\/index.php?rest_route=%2Fwp%2Fv2%2Fmedia&parent=6167"}],"wp:term":[{"taxonomy":"category","embeddable":true,"href":"https:\/\/www.frankensicht.de\/index.php?rest_route=%2Fwp%2Fv2%2Fcategories&post=6167"},{"taxonomy":"post_tag","embeddable":true,"href":"https:\/\/www.frankensicht.de\/index.php?rest_route=%2Fwp%2Fv2%2Ftags&post=6167"}],"curies":[{"name":"wp","href":"https:\/\/api.w.org\/{rel}","templated":true}]}}