{"id":6158,"date":"2013-09-11T08:17:32","date_gmt":"2013-09-11T06:17:32","guid":{"rendered":"http:\/\/www.frankensicht.de\/?p=6158"},"modified":"2013-09-11T08:17:44","modified_gmt":"2013-09-11T06:17:44","slug":"roaming","status":"publish","type":"post","link":"https:\/\/www.frankensicht.de\/?p=6158","title":{"rendered":"Roaming"},"content":{"rendered":"<p><span style=\"color: #ff0000;\">M\u00fcnchen:<\/span><\/p>\n<p>Bayerns Verbraucherschutzministerin Dr. Beate Merk f\u00fcr Abschaffung der Roaming-Geb\u00fchren \/ &#8222;Aber: &#8222;Marktkonzentrationen m\u00fcssen verhindert werden&#8220;<\/p>\n<p><a href=\"https:\/\/www.frankensicht.de\/?attachment_id=3002\" rel=\"attachment wp-att-3002\"><img loading=\"lazy\" decoding=\"async\" class=\"alignnone size-full wp-image-3002\" alt=\"handy\" src=\"https:\/\/www.frankensicht.de\/wp-content\/uploads\/2012\/06\/handy.jpg\" width=\"640\" height=\"480\" srcset=\"https:\/\/www.frankensicht.de\/wp-content\/uploads\/2012\/06\/handy.jpg 640w, https:\/\/www.frankensicht.de\/wp-content\/uploads\/2012\/06\/handy-300x225.jpg 300w\" sizes=\"auto, (max-width: 640px) 100vw, 640px\" \/><\/a><\/p>\n<p>Bayerns Verbraucherschutzministerin Dr. Beate Merk begr\u00fc\u00dft die von der Europ\u00e4ischen Kommission geplante Abschaffung von Roaminggeb\u00fchren. &#8222;Wer aus dem Urlaub zur\u00fcckkehrt und auf seine Telefonrechnung blickt, wei\u00df, dass hohe Geb\u00fchren f\u00fcr das Telefonieren auch im EU-Ausland nach wie vor ein gro\u00dfes Problem sind&#8220;, so Merk. &#8222;Es ist deshalb richtig, dass die Kommission sich der Sache annimmt. Die Abschaffung der Roaminggeb\u00fchren ist ein konsequenter Schritt zur Verwirklichung des Binnenmarktes. Auch im Interesse des Verbrauchers muss aber im Blick behalten werden, dass die geplante Regulierung nicht zu einer Marktkonzentration und Einschr\u00e4nkung des Wettbewerbs f\u00fchren darf &#8211; mit der Folge insgesamt h\u00f6herer Geb\u00fchren.&#8220;<\/p>\n<p>Die Europ\u00e4ische Kommission hat dar\u00fcber hinaus weitergehende Regelungen zum Verbraucherschutz geplant. Merk dazu: &#8222;Wir m\u00fcssen darauf Acht geben, dass diese Vorschl\u00e4ge nicht hinter dem Verbraucherschutzstandard zur\u00fcckbleiben, den Deutschland mit der Novelle des Telekommunikationsgesetzes bereits im Mai 2012 geschaffen hat.&#8220; M\u00f6gliche Unterschiede bestehen unter anderem beim Schutz vor Kostenfallen mittels Sperrung bestimmter Ger\u00e4tefunktionen oder den K\u00fcndigungsrechten. &#8222;Auch die Netzneutralit\u00e4t sollte im Interesse der Kunden gewahrt bleiben und eine sachlich nicht gerechtfertigte Benachteiligung bestimmter Kunden beispielsweise durch eine Drosselung der \u00dcbertragungskapazit\u00e4ten verhindert werden.&#8220;<\/p>\n<p>Quelle:stmj.bayern.de<\/p>\n","protected":false},"excerpt":{"rendered":"<p>M\u00fcnchen: Bayerns Verbraucherschutzministerin Dr. Beate Merk f\u00fcr Abschaffung der Roaming-Geb\u00fchren \/ &#8222;Aber: &#8222;Marktkonzentrationen m\u00fcssen verhindert werden&#8220; Bayerns Verbraucherschutzministerin Dr. Beate Merk begr\u00fc\u00dft die von der Europ\u00e4ischen Kommission geplante Abschaffung von Roaminggeb\u00fchren. &#8222;Wer aus dem Urlaub zur\u00fcckkehrt und auf seine Telefonrechnung blickt, wei\u00df, dass hohe Geb\u00fchren f\u00fcr das Telefonieren auch im EU-Ausland nach wie vor ein [&hellip;]<\/p>\n","protected":false},"author":7,"featured_media":3002,"comment_status":"open","ping_status":"open","sticky":false,"template":"","format":"standard","meta":{"footnotes":""},"categories":[78,71],"tags":[1310],"class_list":["post-6158","post","type-post","status-publish","format-standard","has-post-thumbnail","hentry","category-bayern","category-menue","tag-roaming"],"_links":{"self":[{"href":"https:\/\/www.frankensicht.de\/index.php?rest_route=\/wp\/v2\/posts\/6158","targetHints":{"allow":["GET"]}}],"collection":[{"href":"https:\/\/www.frankensicht.de\/index.php?rest_route=\/wp\/v2\/posts"}],"about":[{"href":"https:\/\/www.frankensicht.de\/index.php?rest_route=\/wp\/v2\/types\/post"}],"author":[{"embeddable":true,"href":"https:\/\/www.frankensicht.de\/index.php?rest_route=\/wp\/v2\/users\/7"}],"replies":[{"embeddable":true,"href":"https:\/\/www.frankensicht.de\/index.php?rest_route=%2Fwp%2Fv2%2Fcomments&post=6158"}],"version-history":[{"count":0,"href":"https:\/\/www.frankensicht.de\/index.php?rest_route=\/wp\/v2\/posts\/6158\/revisions"}],"wp:featuredmedia":[{"embeddable":true,"href":"https:\/\/www.frankensicht.de\/index.php?rest_route=\/wp\/v2\/media\/3002"}],"wp:attachment":[{"href":"https:\/\/www.frankensicht.de\/index.php?rest_route=%2Fwp%2Fv2%2Fmedia&parent=6158"}],"wp:term":[{"taxonomy":"category","embeddable":true,"href":"https:\/\/www.frankensicht.de\/index.php?rest_route=%2Fwp%2Fv2%2Fcategories&post=6158"},{"taxonomy":"post_tag","embeddable":true,"href":"https:\/\/www.frankensicht.de\/index.php?rest_route=%2Fwp%2Fv2%2Ftags&post=6158"}],"curies":[{"name":"wp","href":"https:\/\/api.w.org\/{rel}","templated":true}]}}