{"id":6126,"date":"2013-09-03T07:59:16","date_gmt":"2013-09-03T05:59:16","guid":{"rendered":"http:\/\/www.frankensicht.de\/?p=6126"},"modified":"2013-09-03T07:59:16","modified_gmt":"2013-09-03T05:59:16","slug":"gepaeck-weg-mietauto-kaputt-schimmel-im-hotelzimmer","status":"publish","type":"post","link":"https:\/\/www.frankensicht.de\/?p=6126","title":{"rendered":"Gep\u00e4ck weg, Mietauto kaputt, Schimmel im Hotelzimmer?"},"content":{"rendered":"<p><span style=\"color: #ff0000;\">M\u00fcnchen:<\/span><\/p>\n<p>Bayerns Justiz- und Verbraucherschutzministerin: &#8222;Rechte kennen, gegen den Richtigen vorgehen, Schlichtungsstellen helfen!&#8220;<\/p>\n<p>Das Ferienende r\u00fcckt n\u00e4her. Aus diesem Anlass erkl\u00e4rt Bayerns Justiz- und Verbraucherschutzministerin Dr. Beate Merk: &#8222;Urlaubs- und Reisezeit, das ist f\u00fcr viele die sch\u00f6nste Zeit des Jahres. Aber leider kann auch in dieser Zeit viel schief laufen: Flug verschoben, Koffer verschwunden, Mietauto kaputt, Unterkunft \u00fcberbucht und ohne den versprochenen Sandstrand. Wer so etwas erlebt, bei dem bleibt schnell die Erholung auf der Strecke!&#8220; Merk weiter: &#8222;Bei aller Entt\u00e4uschung und allem verst\u00e4ndlichen \u00c4rger sollten Reisende nicht verpassen, sich \u00fcber ihre Rechte zu informieren. Nur wer seine Rechte kennt, kann sie mit Erfolg durchsetzen!&#8220;<\/p>\n<p><a href=\"https:\/\/www.frankensicht.de\/?attachment_id=1410\" rel=\"attachment wp-att-1410\"><img loading=\"lazy\" decoding=\"async\" class=\"alignnone size-full wp-image-1410\" alt=\"paragraf\" src=\"https:\/\/www.frankensicht.de\/wp-content\/uploads\/2012\/05\/paragraf.jpg\" width=\"640\" height=\"400\" srcset=\"https:\/\/www.frankensicht.de\/wp-content\/uploads\/2012\/05\/paragraf.jpg 640w, https:\/\/www.frankensicht.de\/wp-content\/uploads\/2012\/05\/paragraf-300x187.jpg 300w\" sizes=\"auto, (max-width: 640px) 100vw, 640px\" \/><\/a><\/p>\n<p>Die Ministerin verweist dabei auf die Unterschiede zwischen Pauschalreisen und individuell zusammen gestellten Einzelbuchungen: &#8222;F\u00fcr eine Pauschalreise gilt das Reisevertragsrecht. Das hat den Vorteil, dass der Verbraucher sich bei Problemen mit den in der Pauschale enthaltenen Einzelleistungen wie Flug, Hotel oder Ausfl\u00fcgen immer an den Reiseveranstalter wenden kann! Der ist f\u00fcr die Leistungserbringung verantwortlich!&#8220; Daf\u00fcr, so Merk, seien aber auch Besonderheiten zu beachten. Um seine Rechte auf Preisminderung oder Schadenersatz zu wahren, m\u00fcsse der Urlauber einen Reisemangel grunds\u00e4tzlich zun\u00e4chst dem Reiseveranstalter oder der \u00f6rtlichen Reiseleitung gegen\u00fcber anzeigen und ihn zur Abhilfe innerhalb einer angemessenen Frist auffordern. Merk warnt: &#8222;Sonst kann man die Rechte auf Minderung, K\u00fcndigung<br \/>\noder Schadenersatz verlieren! Rechte wegen eines Reisemangels m\u00fcssen grunds\u00e4tzlich innerhalb eines Monats nach dem vertraglich vorgesehenen Reiseende geltend gemacht werden&#8220;, so Merk<\/p>\n<p>Komplizierter ist es dagegen, wenn man sich &#8211; wie immer mehr Menschen &#8211; seine Reise selbst individuell zusammengestellt hat, indem man z.B. Flug, Hotel und Mietwagen einzeln bei verschiedenen Anbietern bucht. Die Ministerin dazu: &#8222;In solchen F\u00e4llen bestehen einzelne Vertr\u00e4ge jeweils zwischen dem Verbraucher und den einzelnen Anbietern, also etwa der Fluglinie, dem Hotelbetreiber und der Mietwagenfirma. Wer in Anspruch zu nehmen ist, richtet sich dann danach, in welchem Vertragsverh\u00e4ltnis der Mangel aufgetreten ist. Denn die Airline ist ja nicht f\u00fcr Schimmel im Hotelzimmer oder den defekten Mietwagen verantwortlich&#8220;, erkl\u00e4rt Merk.<\/p>\n<p>Man muss auch nicht gleich zum Rechtsanwalt oder zu Gericht gehen, wenn der Gegner sich nicht sofort einsichtig zeigt. Unter www.online-schlichter.de leistet eine auch von Bayern unterst\u00fctzte Schlichtungsstelle bei Buchungen im Internet hervorragende Arbeit. Wer z. B. Probleme mit der Bahn hat, f\u00fcr den gibt es die private Schlichtungsstelle f\u00fcr den \u00f6ffentlichen Personenverkehr (s\u00f6p), die Empfehlungen zur Beilegung des Streits abgibt. Und ab November wird es eine Schlichtungsm\u00f6glichkeit im Luftverkehr geben.<\/p>\n<p>Quelle:stmj.bayern.de<\/p>\n","protected":false},"excerpt":{"rendered":"<p>M\u00fcnchen: Bayerns Justiz- und Verbraucherschutzministerin: &#8222;Rechte kennen, gegen den Richtigen vorgehen, Schlichtungsstellen helfen!&#8220; Das Ferienende r\u00fcckt n\u00e4her. Aus diesem Anlass erkl\u00e4rt Bayerns Justiz- und Verbraucherschutzministerin Dr. Beate Merk: &#8222;Urlaubs- und Reisezeit, das ist f\u00fcr viele die sch\u00f6nste Zeit des Jahres. Aber leider kann auch in dieser Zeit viel schief laufen: Flug verschoben, Koffer verschwunden, Mietauto [&hellip;]<\/p>\n","protected":false},"author":7,"featured_media":1410,"comment_status":"open","ping_status":"open","sticky":false,"template":"","format":"standard","meta":{"footnotes":""},"categories":[78,71],"tags":[850],"class_list":["post-6126","post","type-post","status-publish","format-standard","has-post-thumbnail","hentry","category-bayern","category-menue","tag-reiserecht"],"_links":{"self":[{"href":"https:\/\/www.frankensicht.de\/index.php?rest_route=\/wp\/v2\/posts\/6126","targetHints":{"allow":["GET"]}}],"collection":[{"href":"https:\/\/www.frankensicht.de\/index.php?rest_route=\/wp\/v2\/posts"}],"about":[{"href":"https:\/\/www.frankensicht.de\/index.php?rest_route=\/wp\/v2\/types\/post"}],"author":[{"embeddable":true,"href":"https:\/\/www.frankensicht.de\/index.php?rest_route=\/wp\/v2\/users\/7"}],"replies":[{"embeddable":true,"href":"https:\/\/www.frankensicht.de\/index.php?rest_route=%2Fwp%2Fv2%2Fcomments&post=6126"}],"version-history":[{"count":0,"href":"https:\/\/www.frankensicht.de\/index.php?rest_route=\/wp\/v2\/posts\/6126\/revisions"}],"wp:featuredmedia":[{"embeddable":true,"href":"https:\/\/www.frankensicht.de\/index.php?rest_route=\/wp\/v2\/media\/1410"}],"wp:attachment":[{"href":"https:\/\/www.frankensicht.de\/index.php?rest_route=%2Fwp%2Fv2%2Fmedia&parent=6126"}],"wp:term":[{"taxonomy":"category","embeddable":true,"href":"https:\/\/www.frankensicht.de\/index.php?rest_route=%2Fwp%2Fv2%2Fcategories&post=6126"},{"taxonomy":"post_tag","embeddable":true,"href":"https:\/\/www.frankensicht.de\/index.php?rest_route=%2Fwp%2Fv2%2Ftags&post=6126"}],"curies":[{"name":"wp","href":"https:\/\/api.w.org\/{rel}","templated":true}]}}