{"id":6096,"date":"2013-09-02T07:47:20","date_gmt":"2013-09-02T05:47:20","guid":{"rendered":"http:\/\/www.frankensicht.de\/?p=6096"},"modified":"2013-09-02T07:47:20","modified_gmt":"2013-09-02T05:47:20","slug":"17133-arbeitsstunden-leistete-jeder-deutsche-landwirt-in-den-vergangenen-zwoelf-monaten","status":"publish","type":"post","link":"https:\/\/www.frankensicht.de\/?p=6096","title":{"rendered":"1713,3 Arbeitsstunden leistete jeder deutsche Landwirt in den vergangenen zw\u00f6lf Monaten"},"content":{"rendered":"<p>Die Zahl der Woche<br \/>\nJede Woche pr\u00e4sentiert das BMELV interessante Zahlen zu den Themen Ern\u00e4hrung, Landwirtschaft und Verbraucherschutz.<\/p>\n<p>1713,3 Arbeitsstunden<\/p>\n<p>leistete jeder deutsche Landwirt durchschnittlich in den vergangenen zw\u00f6lf Monaten. Damit wurden von den Erwerbst\u00e4tigen der Land- und Forstwirtschaft sowie der Fischereiwirtschaft die meisten Arbeitsstunden geleistet &#8211; dies zeigt der statistische Vergleich von Branchen, in denen besonders viele Selbstst\u00e4ndige t\u00e4tig sind. Im Baugewerbe wurden im Vergleich 1651 Arbeitsstunden, in der Finanz- und Versicherungsbranche 1508,8 Arbeitsstunden in den letzten zw\u00f6lf Monaten geleistet. Mit derzeit rund 286.500 registrierten landwirtschaftlichen Betrieben ist die Agrarbranche nach wie vor ein wichtiger Arbeitgeber. Insgesamt waren 688.000 Erwerbst\u00e4tige im 2. Quartal 2013 in der Land- und Forstwirtschaft sowie in der Fischerei besch\u00e4ftigt. Von den landwirtschaftlichen Betrieben wird eine Bodenfl\u00e4che von insgesamt 16.667.300 Hektar bewirtschaftet.<\/p>\n<p>Quelle: BMELV, Statistisches Bundesamt, Institut f\u00fcr Arbeitsmarkt und Berufsforschung<\/p>\n<p>Quelle:bmelv.bund.de<\/p>\n<p><a href=\"https:\/\/www.frankensicht.de\/?attachment_id=2235\" rel=\"attachment wp-att-2235\"><img loading=\"lazy\" decoding=\"async\" class=\"alignnone size-full wp-image-2235\" alt=\"Foto13\" src=\"https:\/\/www.frankensicht.de\/wp-content\/uploads\/2012\/06\/Foto13.jpg\" width=\"1296\" height=\"968\" srcset=\"https:\/\/www.frankensicht.de\/wp-content\/uploads\/2012\/06\/Foto13.jpg 1296w, https:\/\/www.frankensicht.de\/wp-content\/uploads\/2012\/06\/Foto13-300x224.jpg 300w, https:\/\/www.frankensicht.de\/wp-content\/uploads\/2012\/06\/Foto13-1024x764.jpg 1024w\" sizes=\"auto, (max-width: 1296px) 100vw, 1296px\" \/><\/a><\/p>\n","protected":false},"excerpt":{"rendered":"<p>Die Zahl der Woche Jede Woche pr\u00e4sentiert das BMELV interessante Zahlen zu den Themen Ern\u00e4hrung, Landwirtschaft und Verbraucherschutz. 1713,3 Arbeitsstunden leistete jeder deutsche Landwirt durchschnittlich in den vergangenen zw\u00f6lf Monaten. Damit wurden von den Erwerbst\u00e4tigen der Land- und Forstwirtschaft sowie der Fischereiwirtschaft die meisten Arbeitsstunden geleistet &#8211; dies zeigt der statistische Vergleich von Branchen, in [&hellip;]<\/p>\n","protected":false},"author":7,"featured_media":1470,"comment_status":"open","ping_status":"open","sticky":false,"template":"","format":"standard","meta":{"footnotes":""},"categories":[44,3],"tags":[1296],"class_list":["post-6096","post","type-post","status-publish","format-standard","has-post-thumbnail","hentry","category-deutschland-2","category-news","tag-arbeitsstunden-landwirte"],"_links":{"self":[{"href":"https:\/\/www.frankensicht.de\/index.php?rest_route=\/wp\/v2\/posts\/6096","targetHints":{"allow":["GET"]}}],"collection":[{"href":"https:\/\/www.frankensicht.de\/index.php?rest_route=\/wp\/v2\/posts"}],"about":[{"href":"https:\/\/www.frankensicht.de\/index.php?rest_route=\/wp\/v2\/types\/post"}],"author":[{"embeddable":true,"href":"https:\/\/www.frankensicht.de\/index.php?rest_route=\/wp\/v2\/users\/7"}],"replies":[{"embeddable":true,"href":"https:\/\/www.frankensicht.de\/index.php?rest_route=%2Fwp%2Fv2%2Fcomments&post=6096"}],"version-history":[{"count":0,"href":"https:\/\/www.frankensicht.de\/index.php?rest_route=\/wp\/v2\/posts\/6096\/revisions"}],"wp:featuredmedia":[{"embeddable":true,"href":"https:\/\/www.frankensicht.de\/index.php?rest_route=\/wp\/v2\/media\/1470"}],"wp:attachment":[{"href":"https:\/\/www.frankensicht.de\/index.php?rest_route=%2Fwp%2Fv2%2Fmedia&parent=6096"}],"wp:term":[{"taxonomy":"category","embeddable":true,"href":"https:\/\/www.frankensicht.de\/index.php?rest_route=%2Fwp%2Fv2%2Fcategories&post=6096"},{"taxonomy":"post_tag","embeddable":true,"href":"https:\/\/www.frankensicht.de\/index.php?rest_route=%2Fwp%2Fv2%2Ftags&post=6096"}],"curies":[{"name":"wp","href":"https:\/\/api.w.org\/{rel}","templated":true}]}}