{"id":6084,"date":"2013-08-25T08:37:56","date_gmt":"2013-08-25T06:37:56","guid":{"rendered":"http:\/\/www.frankensicht.de\/?p=6084"},"modified":"2013-08-25T08:37:56","modified_gmt":"2013-08-25T06:37:56","slug":"deutschland-bleibt-wachstumsmotor-und-stabilitaetsanker-in-europa","status":"publish","type":"post","link":"https:\/\/www.frankensicht.de\/?p=6084","title":{"rendered":"Deutschland bleibt Wachstumsmotor und Stabilit\u00e4tsanker in Europa"},"content":{"rendered":"<p><span style=\"color: #ff0000;\">Berlin:<\/span><\/p>\n<p>Das Statistische Bundesamt hat heute seine Schnellmeldung vom 14. August zur<br \/>\nwirtschaftlichen Entwicklung best\u00e4tigt. Demnach nahm das Bruttoinlandsprodukt<br \/>\n(BIP) in Deutschland im zweiten Vierteljahr 2013 gegen\u00fcber dem Vorquartal um<br \/>\n0,7 % zu. Der Anstieg war damit deutlich st\u00e4rker als im Eurogebiet, in der EU-27<br \/>\nund in den Vereinigten Staaten.<\/p>\n<p><a href=\"https:\/\/www.frankensicht.de\/?attachment_id=1513\" rel=\"attachment wp-att-1513\"><img loading=\"lazy\" decoding=\"async\" class=\"alignnone size-full wp-image-1513\" alt=\"statistik\" src=\"https:\/\/www.frankensicht.de\/wp-content\/uploads\/2012\/05\/statistik.jpeg\" width=\"370\" height=\"276\" srcset=\"https:\/\/www.frankensicht.de\/wp-content\/uploads\/2012\/05\/statistik.jpeg 370w, https:\/\/www.frankensicht.de\/wp-content\/uploads\/2012\/05\/statistik-300x223.jpg 300w\" sizes=\"auto, (max-width: 370px) 100vw, 370px\" \/><\/a><\/p>\n<p>Der Bundesminister f\u00fcr Wirtschaft und Technologie, Dr. Philipp R\u00f6sler: &#8222;Das<br \/>\nWachstum der deutschen Wirtschaft &lt;http:\/\/www.bmwi.de\/DE\/Themen\/wirtschaft.html&gt;<br \/>\nhat auf breiter Front an Schwung gewonnen. Die heute vom Statistischen Bundesamt<br \/>\nver\u00f6ffentlichten Zahlen best\u00e4tigen: Die binnenwirtschaftliche Dynamik tr\u00e4gt<br \/>\ndiesen Aufschwung. Die privaten Konsumausgaben und die Bauinvestitionen haben<br \/>\ndeutlich zugelegt. Auch die seit geraumer Zeit r\u00fcckl\u00e4ufigen<br \/>\nAusr\u00fcstungsinvestitionen sind erstmals seit l\u00e4ngerem wieder gewachsen. Die<br \/>\nwirtschaftliche Dynamik kommt bei den B\u00fcrgerinnen und B\u00fcrgern an: Die<br \/>\nBesch\u00e4ftigung hat Rekordniveau erreicht, die verf\u00fcgbaren Einkommen der privaten<br \/>\nHaushalte sind im zweiten Quartal 2013 um 2,4 % gegen\u00fcber dem Vorjahr gestiegen<br \/>\nund die Arbeitslosigkeit liegt auf dem niedrigsten Stand seit der deutschen<br \/>\nWiedervereinigung. All dies hat das Zukunftsvertrauen der Menschen gefestigt und<br \/>\nden Konsum befl\u00fcgelt.<\/p>\n<p>Die deutsche Wirtschaft behauptet sich somit hervorragend in einem schwierigen<br \/>\ninternationalen Umfeld. Deutschland ist Wachstumsmotor und zugleich<br \/>\nStabilit\u00e4tsanker in Europa.<\/p>\n<p>Die j\u00fcngsten Daten beweisen zudem erneut: Wachstum<br \/>\n&lt;http:\/\/www.bmwi.de\/DE\/Themen\/Wirtschaft\/wachstum.html&gt; und Konsolidierung sind<br \/>\nkein Widerspruch. Die \u00f6ffentlichen Haushalte haben im ersten Halbjahr insgesamt<br \/>\neinen \u00dcberschuss erwirtschaftet. Das zeigt auch, dass weitere Steuerbelastungen<br \/>\nfehl am Platz sind.<\/p>\n<p>Die Bundesregierung wird ihren Kurs einer wachstumsfreundlichen Konsolidierung<br \/>\nund nachhaltiger struktureller Reformen f\u00fcr Deutschland und Europa fortsetzen.&#8220;<\/p>\n<p>Quelle:bmwi.bund.de<\/p>\n","protected":false},"excerpt":{"rendered":"<p>Berlin: Das Statistische Bundesamt hat heute seine Schnellmeldung vom 14. August zur wirtschaftlichen Entwicklung best\u00e4tigt. Demnach nahm das Bruttoinlandsprodukt (BIP) in Deutschland im zweiten Vierteljahr 2013 gegen\u00fcber dem Vorquartal um 0,7 % zu. Der Anstieg war damit deutlich st\u00e4rker als im Eurogebiet, in der EU-27 und in den Vereinigten Staaten. Der Bundesminister f\u00fcr Wirtschaft und [&hellip;]<\/p>\n","protected":false},"author":7,"featured_media":1513,"comment_status":"open","ping_status":"open","sticky":false,"template":"","format":"standard","meta":{"footnotes":""},"categories":[44,3],"tags":[395],"class_list":["post-6084","post","type-post","status-publish","format-standard","has-post-thumbnail","hentry","category-deutschland-2","category-news","tag-wirtschaft-2"],"_links":{"self":[{"href":"https:\/\/www.frankensicht.de\/index.php?rest_route=\/wp\/v2\/posts\/6084","targetHints":{"allow":["GET"]}}],"collection":[{"href":"https:\/\/www.frankensicht.de\/index.php?rest_route=\/wp\/v2\/posts"}],"about":[{"href":"https:\/\/www.frankensicht.de\/index.php?rest_route=\/wp\/v2\/types\/post"}],"author":[{"embeddable":true,"href":"https:\/\/www.frankensicht.de\/index.php?rest_route=\/wp\/v2\/users\/7"}],"replies":[{"embeddable":true,"href":"https:\/\/www.frankensicht.de\/index.php?rest_route=%2Fwp%2Fv2%2Fcomments&post=6084"}],"version-history":[{"count":0,"href":"https:\/\/www.frankensicht.de\/index.php?rest_route=\/wp\/v2\/posts\/6084\/revisions"}],"wp:featuredmedia":[{"embeddable":true,"href":"https:\/\/www.frankensicht.de\/index.php?rest_route=\/wp\/v2\/media\/1513"}],"wp:attachment":[{"href":"https:\/\/www.frankensicht.de\/index.php?rest_route=%2Fwp%2Fv2%2Fmedia&parent=6084"}],"wp:term":[{"taxonomy":"category","embeddable":true,"href":"https:\/\/www.frankensicht.de\/index.php?rest_route=%2Fwp%2Fv2%2Fcategories&post=6084"},{"taxonomy":"post_tag","embeddable":true,"href":"https:\/\/www.frankensicht.de\/index.php?rest_route=%2Fwp%2Fv2%2Ftags&post=6084"}],"curies":[{"name":"wp","href":"https:\/\/api.w.org\/{rel}","templated":true}]}}