{"id":6082,"date":"2013-08-24T08:16:21","date_gmt":"2013-08-24T06:16:21","guid":{"rendered":"http:\/\/www.frankensicht.de\/?p=6082"},"modified":"2013-08-24T08:16:21","modified_gmt":"2013-08-24T06:16:21","slug":"presseinformation-des-bundesministeriums-fuer-ernaehrung-landwirtschaft-und-verbraucherschutz","status":"publish","type":"post","link":"https:\/\/www.frankensicht.de\/?p=6082","title":{"rendered":"Presseinformation des Bundesministeriums f\u00fcr Ern\u00e4hrung, Landwirtschaft und Verbraucherschutz"},"content":{"rendered":"<p>Die Zahl der Woche<br \/>\nJede Woche pr\u00e4sentiert das BMELV interessante Zahlen zu den Themen Ern\u00e4hrung, Landwirtschaft und Verbraucherschutz.<br \/>\n<a href=\"https:\/\/www.frankensicht.de\/?attachment_id=3803\" rel=\"attachment wp-att-3803\"><img loading=\"lazy\" decoding=\"async\" class=\"alignnone size-full wp-image-3803\" alt=\"kartoffel\" src=\"https:\/\/www.frankensicht.de\/wp-content\/uploads\/2012\/08\/kartoffel.jpg\" width=\"640\" height=\"480\" srcset=\"https:\/\/www.frankensicht.de\/wp-content\/uploads\/2012\/08\/kartoffel.jpg 640w, https:\/\/www.frankensicht.de\/wp-content\/uploads\/2012\/08\/kartoffel-300x225.jpg 300w\" sizes=\"auto, (max-width: 640px) 100vw, 640px\" \/><\/a><br \/>\n92 Prozent<br \/>\nder Verbraucher in Deutschland geben an, beim Einkauf regionale Lebensmittel zu bevorzugen. Dies ergab die repr\u00e4sentative Studie &#8222;\u00d6kobarometer&#8220;, die am Montag dieser Woche ver\u00f6ffentlicht wurde und regelm\u00e4\u00dfig im Auftrag des Bundesverbraucherministeriums durchgef\u00fchrt wird. Stichprobenartig waren im Mai 2013 rund 1000 B\u00fcrger ab 14 Jahren befragt worden. Dabei stellte sich heraus, dass die Regionalit\u00e4t beim Einkauf von Lebensmitteln ein immer bedeutenderes Kriterium darstellt. Immer h\u00e4ufiger greift der Verbraucher zu saisonalem Obst und Gem\u00fcse aus landwirtschaftlichen Betrieben der Nachbarschaft. Die Kombination von Lebensmitteln aus der Region, die zudem Bio-Produkte sind, bevorzugen 77 Prozent der Befragten. Neben der regionalen Herkunft spielt die Unterst\u00fctzung regionaler Betriebe f\u00fcr 87 Prozent der Befragten die wichtigste Rolle zum Kauf von Bio-Produkten.<\/p>\n<p>Quelle: BMELV, \u00d6kobarometer 2013<\/p>\n<p>Quelle:bmelv.bund.de<\/p>\n","protected":false},"excerpt":{"rendered":"<p>Die Zahl der Woche Jede Woche pr\u00e4sentiert das BMELV interessante Zahlen zu den Themen Ern\u00e4hrung, Landwirtschaft und Verbraucherschutz. 92 Prozent der Verbraucher in Deutschland geben an, beim Einkauf regionale Lebensmittel zu bevorzugen. Dies ergab die repr\u00e4sentative Studie &#8222;\u00d6kobarometer&#8220;, die am Montag dieser Woche ver\u00f6ffentlicht wurde und regelm\u00e4\u00dfig im Auftrag des Bundesverbraucherministeriums durchgef\u00fchrt wird. Stichprobenartig waren [&hellip;]<\/p>\n","protected":false},"author":7,"featured_media":2641,"comment_status":"open","ping_status":"open","sticky":false,"template":"","format":"standard","meta":{"footnotes":""},"categories":[44,3],"tags":[1293],"class_list":["post-6082","post","type-post","status-publish","format-standard","has-post-thumbnail","hentry","category-deutschland-2","category-news","tag-regionale-lebensmittel"],"_links":{"self":[{"href":"https:\/\/www.frankensicht.de\/index.php?rest_route=\/wp\/v2\/posts\/6082","targetHints":{"allow":["GET"]}}],"collection":[{"href":"https:\/\/www.frankensicht.de\/index.php?rest_route=\/wp\/v2\/posts"}],"about":[{"href":"https:\/\/www.frankensicht.de\/index.php?rest_route=\/wp\/v2\/types\/post"}],"author":[{"embeddable":true,"href":"https:\/\/www.frankensicht.de\/index.php?rest_route=\/wp\/v2\/users\/7"}],"replies":[{"embeddable":true,"href":"https:\/\/www.frankensicht.de\/index.php?rest_route=%2Fwp%2Fv2%2Fcomments&post=6082"}],"version-history":[{"count":0,"href":"https:\/\/www.frankensicht.de\/index.php?rest_route=\/wp\/v2\/posts\/6082\/revisions"}],"wp:featuredmedia":[{"embeddable":true,"href":"https:\/\/www.frankensicht.de\/index.php?rest_route=\/wp\/v2\/media\/2641"}],"wp:attachment":[{"href":"https:\/\/www.frankensicht.de\/index.php?rest_route=%2Fwp%2Fv2%2Fmedia&parent=6082"}],"wp:term":[{"taxonomy":"category","embeddable":true,"href":"https:\/\/www.frankensicht.de\/index.php?rest_route=%2Fwp%2Fv2%2Fcategories&post=6082"},{"taxonomy":"post_tag","embeddable":true,"href":"https:\/\/www.frankensicht.de\/index.php?rest_route=%2Fwp%2Fv2%2Ftags&post=6082"}],"curies":[{"name":"wp","href":"https:\/\/api.w.org\/{rel}","templated":true}]}}