{"id":6076,"date":"2013-08-22T08:34:34","date_gmt":"2013-08-22T06:34:34","guid":{"rendered":"http:\/\/www.frankensicht.de\/?p=6076"},"modified":"2013-08-22T08:34:34","modified_gmt":"2013-08-22T06:34:34","slug":"10-euro-gedenkmuenze-600-jahre-konstanzer-konzil","status":"publish","type":"post","link":"https:\/\/www.frankensicht.de\/?p=6076","title":{"rendered":"10 Euro-Gedenkm\u00fcnze \u201e600 Jahre Konstanzer Konzil\u201c"},"content":{"rendered":"<p><span style=\"color: #ff0000;\">Berlin:<\/span><\/p>\n<p>Die Bundesregierung hat am 21. August 2013 beschlossen, im Juli 2014 eine 10-Euro-Gedenkm\u00fcnze \u201e600 Jahre Konstanzer Konzil\u201c herauszugeben. Das Konzil von Konstanz war 1414 einberufen worden, um die Einigung der katholischen Kirche unter einem Papst herbeizuf\u00fchren und Reformen im klerikalen System auf den Weg zu bringen.<\/p>\n<p><a href=\"https:\/\/www.frankensicht.de\/?attachment_id=6080\" rel=\"attachment wp-att-6080\"><img loading=\"lazy\" decoding=\"async\" class=\"alignnone size-full wp-image-6080\" alt=\"2013-08-21-Konzil\" src=\"https:\/\/www.frankensicht.de\/wp-content\/uploads\/2013\/08\/2013-08-21-Konzil.jpg\" width=\"620\" height=\"308\" srcset=\"https:\/\/www.frankensicht.de\/wp-content\/uploads\/2013\/08\/2013-08-21-Konzil.jpg 620w, https:\/\/www.frankensicht.de\/wp-content\/uploads\/2013\/08\/2013-08-21-Konzil-300x149.jpg 300w\" sizes=\"auto, (max-width: 620px) 100vw, 620px\" \/><\/a><\/p>\n<p>@bundesfinanzministerium<\/p>\n<p>Dazu erkl\u00e4rt das Bundesministerium der Finanzen:<\/p>\n<p>Der Entwurf stammt von der K\u00fcnstlerin Katrin Pannicke, Halle.<\/p>\n<p>In der Begr\u00fcndung der Jury f\u00fcr die Entscheidung hei\u00dft es:<\/p>\n<p>\u201eDer 1. Preis \u00fcberzeugt durch seine moderne und klare Komposition. Im Bildentwurf werden wesentliche Facetten des Konzils in der erz\u00e4hlerischen Bildsprache der Chronik Richentals dargestellt. Der Entwurf stellt in das Zentrum die langj\u00e4hrige Auseinandersetzung der teilnehmenden Delegationen.<\/p>\n<p>Ausgehend von der Problematik des Schismas \u2013 dargestellt durch drei Tiaren &#8211; wird der vierj\u00e4hrige Weg zur Entscheidungsfindung innerhalb des Konzils offen dargestellt.<\/p>\n<p>Die k\u00fcnstlerische Gestaltung ist plastisch ausgesprochen verknappt. Eine starke Bildsymbolik entsteht durch Konturbildung. In vier voneinander durch Linien getrennten Motiven finden wir symbolstarke Darstellungen der am Konzil beteiligten Akteure.<\/p>\n<p>Die Wertseite wird bestimmt durch eine auf das Wesentliche reduzierte, lineare und dabei sehr elegante Ausarbeitung. Trotz der filigranen Darstellung wirkt der Adler kraft- und w\u00fcrdevoll.<\/p>\n<p>Eine gut gezeichnete Schrift mit informellem Charakter fasst beide Seiten harmonisch zusammen.\u201c<\/p>\n<p>Auf der Bildseite wird, ausgehend von der durch drei Tiaren symbolisierten Problematik des Schismas, der vierj\u00e4hrige Weg zur Entscheidungsfindung innerhalb des Konzils offen dargestellt.<\/p>\n<p>Die Wertseite zeigt einen Adler, den Schriftzug \u201eBUNDESREPUBLIK DEUTSCHLAND\u201c, Wertziffer und Wertbezeichnung, das Pr\u00e4gezeichen \u201eF\u201c der Staatlichen M\u00fcnzen Baden-W\u00fcrttemberg, Pr\u00e4gest\u00e4tte Stuttgart, die Jahreszahl 2014 sowie die zw\u00f6lf Europasterne.<\/p>\n<p>Der glatte M\u00fcnzrand enth\u00e4lt in vertiefter Pr\u00e4gung die Inschrift: \u201ePRO UNIONE AC REFORMATIONE ECCLESIAE\u201c (Anmerkung: Der Schriftzug bedeutet \u201eF\u00fcr die Einheit und Reformation der Kirche\u201c. Es handelt sich um ein verk\u00fcrztes Zitat aus der Einleitung zweier vom Konzil verabschiedeter Dekrete.)<\/p>\n<p>Die Gedenkm\u00fcnze soll in zwei Pr\u00e4gequalit\u00e4ten und Legierungen gepr\u00e4gt werden:<\/p>\n<p>In Stempelglanzqualit\u00e4t aus einer Kupfer-Nickel-Legierung (CuNi25) mit einem Gewicht von 14 Gramm sowie in der h\u00f6herwertigen Spiegelglanzqualit\u00e4t aus einer Legierung von 625 Tausendteilen Silber und 375 Tausendteilen Kupfer mit einem Gewicht von 16 Gramm. Die M\u00fcnze in Spiegelglanzqualit\u00e4t ist durch die Aufpr\u00e4gung \u201eSILBER 625\u201c besonders gekennzeichnet.<\/p>\n<p>Es ist vorgesehen, die Gedenkm\u00fcnze in den Staatlichen M\u00fcnzen Baden-W\u00fcrttemberg, Pr\u00e4gest\u00e4tte Stuttgart (F), pr\u00e4gen zu lassen und sie im Juli 2014 auszugeben.<\/p>\n<p>Quelle: bundesfinanzministerium.de<\/p>\n","protected":false},"excerpt":{"rendered":"<p>Berlin: Die Bundesregierung hat am 21. August 2013 beschlossen, im Juli 2014 eine 10-Euro-Gedenkm\u00fcnze \u201e600 Jahre Konstanzer Konzil\u201c herauszugeben. Das Konzil von Konstanz war 1414 einberufen worden, um die Einigung der katholischen Kirche unter einem Papst herbeizuf\u00fchren und Reformen im klerikalen System auf den Weg zu bringen. @bundesfinanzministerium Dazu erkl\u00e4rt das Bundesministerium der Finanzen: Der [&hellip;]<\/p>\n","protected":false},"author":7,"featured_media":6080,"comment_status":"open","ping_status":"open","sticky":false,"template":"","format":"standard","meta":{"footnotes":""},"categories":[44,3],"tags":[1292],"class_list":["post-6076","post","type-post","status-publish","format-standard","has-post-thumbnail","hentry","category-deutschland-2","category-news","tag-konstanzer-konzil"],"_links":{"self":[{"href":"https:\/\/www.frankensicht.de\/index.php?rest_route=\/wp\/v2\/posts\/6076","targetHints":{"allow":["GET"]}}],"collection":[{"href":"https:\/\/www.frankensicht.de\/index.php?rest_route=\/wp\/v2\/posts"}],"about":[{"href":"https:\/\/www.frankensicht.de\/index.php?rest_route=\/wp\/v2\/types\/post"}],"author":[{"embeddable":true,"href":"https:\/\/www.frankensicht.de\/index.php?rest_route=\/wp\/v2\/users\/7"}],"replies":[{"embeddable":true,"href":"https:\/\/www.frankensicht.de\/index.php?rest_route=%2Fwp%2Fv2%2Fcomments&post=6076"}],"version-history":[{"count":0,"href":"https:\/\/www.frankensicht.de\/index.php?rest_route=\/wp\/v2\/posts\/6076\/revisions"}],"wp:featuredmedia":[{"embeddable":true,"href":"https:\/\/www.frankensicht.de\/index.php?rest_route=\/wp\/v2\/media\/6080"}],"wp:attachment":[{"href":"https:\/\/www.frankensicht.de\/index.php?rest_route=%2Fwp%2Fv2%2Fmedia&parent=6076"}],"wp:term":[{"taxonomy":"category","embeddable":true,"href":"https:\/\/www.frankensicht.de\/index.php?rest_route=%2Fwp%2Fv2%2Fcategories&post=6076"},{"taxonomy":"post_tag","embeddable":true,"href":"https:\/\/www.frankensicht.de\/index.php?rest_route=%2Fwp%2Fv2%2Ftags&post=6076"}],"curies":[{"name":"wp","href":"https:\/\/api.w.org\/{rel}","templated":true}]}}