{"id":6071,"date":"2013-08-23T08:06:10","date_gmt":"2013-08-23T06:06:10","guid":{"rendered":"http:\/\/www.frankensicht.de\/?p=6071"},"modified":"2013-08-23T08:06:10","modified_gmt":"2013-08-23T06:06:10","slug":"10-euro-gedenkmuenze-150-geburtstag-richard-strauss","status":"publish","type":"post","link":"https:\/\/www.frankensicht.de\/?p=6071","title":{"rendered":"10 Euro-Gedenkm\u00fcnze \u201e150. Geburtstag Richard Strauss\u201c"},"content":{"rendered":"<p><span style=\"color: #ff0000;\">Berlin:<\/span><\/p>\n<p>Die Bundesregierung hat am 21. August 2013 beschlossen, anl\u00e4sslich des 150. Geburtstages des Komponisten und Dirigenten Richard Strauss (1864 \u2013 1949) im Juni 2014 eine 10-Euro-Gedenkm\u00fcnze \u201e150. Geburtstag Richard Strauss\u201c herauszugeben. Strauss wurde am 11. Juni 1864 in M\u00fcnchen geboren.<\/p>\n<p><a href=\"https:\/\/www.frankensicht.de\/?attachment_id=6073\" rel=\"attachment wp-att-6073\"><img loading=\"lazy\" decoding=\"async\" class=\"alignnone size-full wp-image-6073\" alt=\"2013-08-21-strauss\" src=\"https:\/\/www.frankensicht.de\/wp-content\/uploads\/2013\/08\/2013-08-21-strauss.jpg\" width=\"620\" height=\"308\" srcset=\"https:\/\/www.frankensicht.de\/wp-content\/uploads\/2013\/08\/2013-08-21-strauss.jpg 620w, https:\/\/www.frankensicht.de\/wp-content\/uploads\/2013\/08\/2013-08-21-strauss-300x149.jpg 300w\" sizes=\"auto, (max-width: 620px) 100vw, 620px\" \/><\/a><\/p>\n<p><a href=\"https:\/\/www.frankensicht.de\/?attachment_id=6073\" rel=\"attachment wp-att-6073\">@<\/a> bundesfinanzministerium.de<\/p>\n<p>Dazu erkl\u00e4rt das Bundesministerium der Finanzen:<\/p>\n<p>Der Entwurf stammt von dem K\u00fcnstler Erich Ott, M\u00fcnchen.<\/p>\n<p>In der Begr\u00fcndung der Jury f\u00fcr die Entscheidung hei\u00dft es:<\/p>\n<p>\u201eDas K\u00fcnstlerportr\u00e4t ist eine der bekanntesten Strauss-Darstellungen, die ihn im mittleren Alter zeigt. Das Portr\u00e4t hat einen hohen Wiedererkennungswert. Die Reduktion auf die gute bildhauerische Ausarbeitung des Kopfes wird positiv gewertet. Die Reliefdarstellung besticht durch eine au\u00dferordentlich detailgetreue und sensible Darstellung. Die Umschrift erg\u00e4nzt die Bildseite ohne das Motiv einzuengen. Der prismenf\u00f6rmige Schriftschnitt ist hervorzuheben, da er die plastische Wirkung verst\u00e4rkt. Die Komposition ist insgesamt zeitlos und ausgewogen. Der Adler erg\u00e4nzt die Bildseite stilistisch harmonisch und positioniert sich in einer klassisch w\u00fcrdigen Haltung.\u201c<\/p>\n<p>Die Bildseite zeigt ein Port\u00e4t Richard Strauss\u2018 mit hohem Wiedererkennungswert.<\/p>\n<p>Die Wertseite zeigt einen Adler, den Schriftzug \u201eBUNDESREPUBLIK DEUTSCHLAND\u201c, Wertziffer und Wertbezeichnung, das Pr\u00e4gezeichen \u201eD\u201c des Bayerischen Hauptm\u00fcnzamtes, M\u00fcnchen, die Jahreszahl 2014 sowie die zw\u00f6lf Europasterne.<\/p>\n<p>Der glatte M\u00fcnzrand enth\u00e4lt in vertiefter Pr\u00e4gung die Inschrift: \u201eTON UND WORT SIND BRUDER UND SCHWESTER\u201c<\/p>\n<p>Die Gedenkm\u00fcnze soll in zwei Pr\u00e4gequalit\u00e4ten und Legierungen gepr\u00e4gt werden: In Stempelglanzqualit\u00e4t aus einer Kupfer-Nickel-Legierung (CuNi25) mit einem Gewicht von 14 Gramm sowie in der h\u00f6herwertigen Spiegelglanzqualit\u00e4t aus einer Legierung von 625 Tausendteilen Silber und 375 Tausendteilen Kupfer mit einem Gewicht von 16 Gramm. Die M\u00fcnze in Spiegelglanzqualit\u00e4t ist durch die Aufpr\u00e4gung \u201eSILBER 625\u201c besonders gekennzeichnet.<\/p>\n<p>Es ist vorgesehen, die Gedenkm\u00fcnze im Bayerischen Hauptm\u00fcnzamt (D), M\u00fcnchen, pr\u00e4gen zu lassen und sie im Juni 2014 auszugeben.<\/p>\n<p>Quelle: bundesfinanzministerium.de<\/p>\n","protected":false},"excerpt":{"rendered":"<p>Berlin: Die Bundesregierung hat am 21. August 2013 beschlossen, anl\u00e4sslich des 150. Geburtstages des Komponisten und Dirigenten Richard Strauss (1864 \u2013 1949) im Juni 2014 eine 10-Euro-Gedenkm\u00fcnze \u201e150. Geburtstag Richard Strauss\u201c herauszugeben. Strauss wurde am 11. Juni 1864 in M\u00fcnchen geboren. @ bundesfinanzministerium.de Dazu erkl\u00e4rt das Bundesministerium der Finanzen: Der Entwurf stammt von dem K\u00fcnstler [&hellip;]<\/p>\n","protected":false},"author":7,"featured_media":6073,"comment_status":"open","ping_status":"open","sticky":false,"template":"","format":"standard","meta":{"footnotes":""},"categories":[44,3],"tags":[1291],"class_list":["post-6071","post","type-post","status-publish","format-standard","has-post-thumbnail","hentry","category-deutschland-2","category-news","tag-richard-strauss"],"_links":{"self":[{"href":"https:\/\/www.frankensicht.de\/index.php?rest_route=\/wp\/v2\/posts\/6071","targetHints":{"allow":["GET"]}}],"collection":[{"href":"https:\/\/www.frankensicht.de\/index.php?rest_route=\/wp\/v2\/posts"}],"about":[{"href":"https:\/\/www.frankensicht.de\/index.php?rest_route=\/wp\/v2\/types\/post"}],"author":[{"embeddable":true,"href":"https:\/\/www.frankensicht.de\/index.php?rest_route=\/wp\/v2\/users\/7"}],"replies":[{"embeddable":true,"href":"https:\/\/www.frankensicht.de\/index.php?rest_route=%2Fwp%2Fv2%2Fcomments&post=6071"}],"version-history":[{"count":0,"href":"https:\/\/www.frankensicht.de\/index.php?rest_route=\/wp\/v2\/posts\/6071\/revisions"}],"wp:featuredmedia":[{"embeddable":true,"href":"https:\/\/www.frankensicht.de\/index.php?rest_route=\/wp\/v2\/media\/6073"}],"wp:attachment":[{"href":"https:\/\/www.frankensicht.de\/index.php?rest_route=%2Fwp%2Fv2%2Fmedia&parent=6071"}],"wp:term":[{"taxonomy":"category","embeddable":true,"href":"https:\/\/www.frankensicht.de\/index.php?rest_route=%2Fwp%2Fv2%2Fcategories&post=6071"},{"taxonomy":"post_tag","embeddable":true,"href":"https:\/\/www.frankensicht.de\/index.php?rest_route=%2Fwp%2Fv2%2Ftags&post=6071"}],"curies":[{"name":"wp","href":"https:\/\/api.w.org\/{rel}","templated":true}]}}