{"id":6061,"date":"2013-08-26T08:58:36","date_gmt":"2013-08-26T06:58:36","guid":{"rendered":"http:\/\/www.frankensicht.de\/?p=6061"},"modified":"2013-08-26T08:58:36","modified_gmt":"2013-08-26T06:58:36","slug":"amicelli-waffelroellchen-umhuellt-von-milchschokolade","status":"publish","type":"post","link":"https:\/\/www.frankensicht.de\/?p=6061","title":{"rendered":"Amicelli, Waffelr\u00f6llchen umh\u00fcllt von Milchschokolade"},"content":{"rendered":"<p>Amicelli, 18 von zartschmelzender Milchschokolade umh\u00fcllte Waffelr\u00f6llchen<br \/>\nund einer feinen Cremef\u00fcllung mit Milchschokolade<br \/>\nInhalt 225 g<\/p>\n<p>Waffelr\u00f6llchen (22 %) mit einer Cremef\u00fcllung (47 %) mit<br \/>\nMilchschokolade (3,1 %) umh\u00fcllt von Milchschokolade (30 %)<\/p>\n<p>Zutaten:<br \/>\nZucker<br \/>\nMagermilchpulver<br \/>\npflanzliches \u00d6l<br \/>\nWeizenmehl<br \/>\nKakaobutter<br \/>\nKakaomasse<br \/>\nMilchzucker<br \/>\nfettarmer Kakao (2,0 %)<br \/>\nButterreinfett<br \/>\nS\u00fc\u00dfmolkenpulver<br \/>\npflanzliches Fett<br \/>\nEmulgator Sojalecithin<br \/>\nSalz<br \/>\nnat\u00fcrlicher Vanilleextrakt<\/p>\n<p>kann enthalten: Haselnuss<\/p>\n<p>durchschnittliche N\u00e4hrwerte je 100 g<\/p>\n<p>Brennwert\u00a0\u00a0 2149 kJ<br \/>\nEiwei\u00df\u00a0 8,6 g<br \/>\nKohlenhydrate\u00a0 59,1 g<br \/>\nFett 26,4 g<\/p>\n<p>&nbsp;<\/p>\n<p>&nbsp;<\/p>\n<p><a href=\"https:\/\/www.frankensicht.de\/?attachment_id=6062\" rel=\"attachment wp-att-6062\"><img loading=\"lazy\" decoding=\"async\" class=\"alignnone size-full wp-image-6062\" alt=\"amicelli\" src=\"https:\/\/www.frankensicht.de\/wp-content\/uploads\/2013\/08\/amicelli.jpg\" width=\"640\" height=\"480\" srcset=\"https:\/\/www.frankensicht.de\/wp-content\/uploads\/2013\/08\/amicelli.jpg 640w, https:\/\/www.frankensicht.de\/wp-content\/uploads\/2013\/08\/amicelli-300x225.jpg 300w\" sizes=\"auto, (max-width: 640px) 100vw, 640px\" \/><\/a><\/p>\n","protected":false},"excerpt":{"rendered":"<p>Amicelli, 18 von zartschmelzender Milchschokolade umh\u00fcllte Waffelr\u00f6llchen und einer feinen Cremef\u00fcllung mit Milchschokolade Inhalt 225 g Waffelr\u00f6llchen (22 %) mit einer Cremef\u00fcllung (47 %) mit Milchschokolade (3,1 %) umh\u00fcllt von Milchschokolade (30 %) Zutaten: Zucker Magermilchpulver pflanzliches \u00d6l Weizenmehl Kakaobutter Kakaomasse Milchzucker fettarmer Kakao (2,0 %) Butterreinfett S\u00fc\u00dfmolkenpulver pflanzliches Fett Emulgator Sojalecithin Salz nat\u00fcrlicher Vanilleextrakt [&hellip;]<\/p>\n","protected":false},"author":6,"featured_media":6062,"comment_status":"open","ping_status":"open","sticky":false,"template":"","format":"standard","meta":{"footnotes":""},"categories":[33,23],"tags":[1286,1288,1287],"class_list":["post-6061","post","type-post","status-publish","format-standard","has-post-thumbnail","hentry","category-lebensmittel","category-ratgeber","tag-amicelli","tag-milchschokolade","tag-waffelroellchen"],"_links":{"self":[{"href":"https:\/\/www.frankensicht.de\/index.php?rest_route=\/wp\/v2\/posts\/6061","targetHints":{"allow":["GET"]}}],"collection":[{"href":"https:\/\/www.frankensicht.de\/index.php?rest_route=\/wp\/v2\/posts"}],"about":[{"href":"https:\/\/www.frankensicht.de\/index.php?rest_route=\/wp\/v2\/types\/post"}],"author":[{"embeddable":true,"href":"https:\/\/www.frankensicht.de\/index.php?rest_route=\/wp\/v2\/users\/6"}],"replies":[{"embeddable":true,"href":"https:\/\/www.frankensicht.de\/index.php?rest_route=%2Fwp%2Fv2%2Fcomments&post=6061"}],"version-history":[{"count":0,"href":"https:\/\/www.frankensicht.de\/index.php?rest_route=\/wp\/v2\/posts\/6061\/revisions"}],"wp:featuredmedia":[{"embeddable":true,"href":"https:\/\/www.frankensicht.de\/index.php?rest_route=\/wp\/v2\/media\/6062"}],"wp:attachment":[{"href":"https:\/\/www.frankensicht.de\/index.php?rest_route=%2Fwp%2Fv2%2Fmedia&parent=6061"}],"wp:term":[{"taxonomy":"category","embeddable":true,"href":"https:\/\/www.frankensicht.de\/index.php?rest_route=%2Fwp%2Fv2%2Fcategories&post=6061"},{"taxonomy":"post_tag","embeddable":true,"href":"https:\/\/www.frankensicht.de\/index.php?rest_route=%2Fwp%2Fv2%2Ftags&post=6061"}],"curies":[{"name":"wp","href":"https:\/\/api.w.org\/{rel}","templated":true}]}}