{"id":5833,"date":"2013-07-05T08:15:05","date_gmt":"2013-07-05T06:15:05","guid":{"rendered":"http:\/\/www.frankensicht.de\/?p=5833"},"modified":"2013-07-05T08:15:05","modified_gmt":"2013-07-05T06:15:05","slug":"wohnraum-muss-bezahlbar-sein-und-zwar-auch-bei-neuvermietungen-nach-einem-mieterwechsel","status":"publish","type":"post","link":"https:\/\/www.frankensicht.de\/?p=5833","title":{"rendered":"Wohnraum muss bezahlbar sein &#8211; und zwar auch bei Neuvermietungen nach einem Mieterwechsel!"},"content":{"rendered":"<p><span style=\"color: #ff0000;\">M\u00fcnchen:<\/span><\/p>\n<p>Bayerns Justizministerin Dr. Beate Merk hat heute auf dem 4. M\u00fcnchner Mietgerichtstag betont, dass die Unterversorgung der Bev\u00f6lkerung in den bayerischen Ballungsgebieten mit bezahlbarem Wohnraum ein zentrales Problem ist. Merk: &#8222;Die Bayerische Staatsregierung hat hier unmittelbar gehandelt. Sogar schon vor dem Inkrafttreten des Mietrechts\u00e4nderungsgesetzes haben wir beschlossen, von der neuen M\u00f6glichkeit zur Senkung der Kappungsgrenze f\u00fcr Mieterh\u00f6hungen Gebrauch zu machen. F\u00fcr die Landeshauptstadt M\u00fcnchen ist die sog. Kappungsgrenzesenkungsverordnung bereits zum 15. Mai 2013 in Kraft getreten. Voraussichtlich in wenigen Wochen werden wir weitere bayerische St\u00e4dte und Gemeinden mit Wohnungsmangel in die Verordnung aufnehmen k\u00f6nnen.&#8220;<\/p>\n<p><a href=\"https:\/\/www.frankensicht.de\/?attachment_id=4190\" rel=\"attachment wp-att-4190\"><img loading=\"lazy\" decoding=\"async\" class=\"alignnone size-full wp-image-4190\" alt=\"DSC00025\" src=\"https:\/\/www.frankensicht.de\/wp-content\/uploads\/2012\/09\/DSC00025.jpg\" width=\"640\" height=\"480\" srcset=\"https:\/\/www.frankensicht.de\/wp-content\/uploads\/2012\/09\/DSC00025.jpg 640w, https:\/\/www.frankensicht.de\/wp-content\/uploads\/2012\/09\/DSC00025-300x225.jpg 300w\" sizes=\"auto, (max-width: 640px) 100vw, 640px\" \/><\/a><\/p>\n<p>Die Ministerin weiter: &#8222;Auch jenseits der Kappungsgrenze besch\u00e4ftigen uns dr\u00e4ngende Fragen: Bisher kann die Miete bei einer Neuvermietung nach Mieterwechsel \u2013 fast \u2013 frei festgesetzt werden. Dies f\u00fchrt oft zu erheblichen Verteuerungen. Der Nachmieter zahlt deutlich mehr als der Vormieter. Diesen Punkt werden wir in der n\u00e4chsten Legislaturperiode angehen &#8211; und zwar in einer Weise, die Investitionen nicht hemmt!&#8220; Im Wahlprogramm von CDU und CSU f\u00fcr die Bundestagswahl ist insoweit Folgendes vorgesehen:<\/p>\n<p>\u00b7 Die Wiedervermietungsmieten d\u00fcrfen nicht mehr als zehn Prozent \u00fcber der orts\u00fcblichen Vergleichsmiete liegen.<\/p>\n<p>\u00b7 F\u00fcr Neubauten gilt eine Ausnahme.<\/p>\n<p>\u00b7 Die Regelung soll nur regional gelten &#8211; dort wo der Wohnungsmarkt angespannt ist. Das sollen die L\u00e4nder bestimmen.<\/p>\n<p>Merk abschlie\u00dfend: &#8222;Sobald der Bund diesen Vorschlag umgesetzt hat, werden wir in einer Verordnung die betroffenen Gemeinden f\u00fcr Bayern festlegen &#8211; ebenso so rasch und umfassend, wie wir es jetzt bei der Kappungsgrenze tun!&#8220;<\/p>\n<p>Quelle:stmj.bayern.de<\/p>\n","protected":false},"excerpt":{"rendered":"<p>M\u00fcnchen: Bayerns Justizministerin Dr. Beate Merk hat heute auf dem 4. M\u00fcnchner Mietgerichtstag betont, dass die Unterversorgung der Bev\u00f6lkerung in den bayerischen Ballungsgebieten mit bezahlbarem Wohnraum ein zentrales Problem ist. Merk: &#8222;Die Bayerische Staatsregierung hat hier unmittelbar gehandelt. Sogar schon vor dem Inkrafttreten des Mietrechts\u00e4nderungsgesetzes haben wir beschlossen, von der neuen M\u00f6glichkeit zur Senkung der [&hellip;]<\/p>\n","protected":false},"author":7,"featured_media":4521,"comment_status":"open","ping_status":"open","sticky":false,"template":"","format":"standard","meta":{"footnotes":""},"categories":[78,71],"tags":[1244,454],"class_list":["post-5833","post","type-post","status-publish","format-standard","has-post-thumbnail","hentry","category-bayern","category-menue","tag-mietraum","tag-mietrecht"],"_links":{"self":[{"href":"https:\/\/www.frankensicht.de\/index.php?rest_route=\/wp\/v2\/posts\/5833","targetHints":{"allow":["GET"]}}],"collection":[{"href":"https:\/\/www.frankensicht.de\/index.php?rest_route=\/wp\/v2\/posts"}],"about":[{"href":"https:\/\/www.frankensicht.de\/index.php?rest_route=\/wp\/v2\/types\/post"}],"author":[{"embeddable":true,"href":"https:\/\/www.frankensicht.de\/index.php?rest_route=\/wp\/v2\/users\/7"}],"replies":[{"embeddable":true,"href":"https:\/\/www.frankensicht.de\/index.php?rest_route=%2Fwp%2Fv2%2Fcomments&post=5833"}],"version-history":[{"count":0,"href":"https:\/\/www.frankensicht.de\/index.php?rest_route=\/wp\/v2\/posts\/5833\/revisions"}],"wp:featuredmedia":[{"embeddable":true,"href":"https:\/\/www.frankensicht.de\/index.php?rest_route=\/wp\/v2\/media\/4521"}],"wp:attachment":[{"href":"https:\/\/www.frankensicht.de\/index.php?rest_route=%2Fwp%2Fv2%2Fmedia&parent=5833"}],"wp:term":[{"taxonomy":"category","embeddable":true,"href":"https:\/\/www.frankensicht.de\/index.php?rest_route=%2Fwp%2Fv2%2Fcategories&post=5833"},{"taxonomy":"post_tag","embeddable":true,"href":"https:\/\/www.frankensicht.de\/index.php?rest_route=%2Fwp%2Fv2%2Ftags&post=5833"}],"curies":[{"name":"wp","href":"https:\/\/api.w.org\/{rel}","templated":true}]}}