{"id":5827,"date":"2013-07-04T07:43:39","date_gmt":"2013-07-04T05:43:39","guid":{"rendered":"http:\/\/www.frankensicht.de\/?p=5827"},"modified":"2013-07-04T07:43:39","modified_gmt":"2013-07-04T05:43:39","slug":"justizministerin-merk-eroffnet-erste-bayerische-psychotherapeutische-fachambulanz-fur-gewaltstraftater","status":"publish","type":"post","link":"https:\/\/www.frankensicht.de\/?p=5827","title":{"rendered":"Justizministerin Merk er\u00f6ffnet erste bayerische psychotherapeutische Fachambulanz f\u00fcr Gewaltstraft\u00e4ter"},"content":{"rendered":"<p><span style=\"color: #ff0000;\">M\u00fcnchen:<\/span><\/p>\n<p>&#8222;Eine erfolgreiche Resozialisierung des T\u00e4ters ist der beste Opferschutz!&#8220;<br \/>\n<a href=\"https:\/\/www.frankensicht.de\/?attachment_id=3276\" rel=\"attachment wp-att-3276\"><img loading=\"lazy\" decoding=\"async\" class=\"alignnone size-full wp-image-3276\" alt=\"knast\" src=\"https:\/\/www.frankensicht.de\/wp-content\/uploads\/2012\/07\/knast.png\" width=\"840\" height=\"630\" srcset=\"https:\/\/www.frankensicht.de\/wp-content\/uploads\/2012\/07\/knast.png 840w, https:\/\/www.frankensicht.de\/wp-content\/uploads\/2012\/07\/knast-300x225.png 300w\" sizes=\"auto, (max-width: 840px) 100vw, 840px\" \/><\/a><\/p>\n<p>Bayerns Justizministerin Dr. Beate Merk hat heute gemeinsam mit Dr. G\u00fcnther Bauer, Vorstand Innere Mission und Mit-Gesch\u00e4ftsf\u00fchrer des Evangelischen Hilfswerks M\u00fcnchen, die bayernweit erste psychotherapeutische Fachambulanz f\u00fcr entlassene Gewaltstraft\u00e4ter in M\u00fcnchen er\u00f6ffnet. Merk: &#8222;Gewaltverbrechen sind leider immer wieder entsetzliche Realit\u00e4t. Ebenso entsetzlich real ist es leider, dass die T\u00e4ter mitunter Wiederholungst\u00e4ter sind. Damit die T\u00e4ter keine T\u00e4ter bleiben, m\u00fcssen wir f\u00fcr eine ausreichende therapeutische Versorgung sorgen. Und zwar nicht nur w\u00e4hrend der Haftzeit, sondern auch und gerade in der Zeit nach der Entlassung. Die heutige Er\u00f6ffnung der Fachambulanz ist ein wichtiger Meilenstein in unserem Vorhaben, bei entlassenen Gewaltstraft\u00e4tern die ambulante Nachsorge zu verbessern.&#8220;<\/p>\n<p>Aus der Haft entlassene Straft\u00e4ter, die unter F\u00fchrungsaufsicht oder Bew\u00e4hrungsaufsicht stehen, erhalten vom Gericht h\u00e4ufig die Weisung, eine ambulante Therapie durchzuf\u00fchren. In der Praxis ist es jedoch h\u00e4ufig schwierig, niedergelassene Therapeuten zu finden, die bereit sind, die Behandlung von Straft\u00e4tern zu \u00fcbernehmen. Merk: &#8222;Im Bereich der Sexualstraft\u00e4ter begegnen wir diesem Problem seit mittlerweile f\u00fcnf Jahren sehr erfolgreich mit spezialisierten psychotherapeutischen Fachambulanzen in M\u00fcnchen, N\u00fcrnberg und W\u00fcrzburg. Die guten Erfahrungen bei der Behandlung von Sexualstraft\u00e4tern wollen wir jetzt auf den Bereich der Gewaltstraft\u00e4ter \u00fcbertragen.&#8220;<\/p>\n<p>Tr\u00e4ger der bayernweit ersten psychotherapeutischen Fachambulanz f\u00fcr Gewaltstraft\u00e4ter ist das Evangelische Hilfswerk M\u00fcnchen, das vom Justizministerium mit dem Aufbau und Betrieb der Einrichtung beauftragt worden ist. Die Gewaltstraft\u00e4terambulanz ist bei der in M\u00fcnchen bereits bestehenden Fachambulanz f\u00fcr Sexualstraft\u00e4ter angesiedelt und mit einem Team aus einem Psychotherapeuten und aus einem Sozialp\u00e4dagogen ausgestattet. Behandelt werden sollen dort besonders gef\u00e4hrliche Gewaltstraft\u00e4ter, die aus der Sicherungsverwahrung entlassen werden oder nach langj\u00e4hrigem Strafvollzug unter F\u00fchrungsaufsicht stehen.<\/p>\n<p>Die Ministerin abschlie\u00dfend: &#8222;Die M\u00fcnchner Einrichtung ist ein erster wichtiger Schritt bei der Verbesserung der forensischen Nachsorge von Gewaltstraft\u00e4tern. Weitere werden folgen: 2014 werden wir eine zweite Gewaltstraft\u00e4terambulanz in N\u00fcrnberg errichten. Und wir werden uns daf\u00fcr stark machen, dass im Haushalt baldm\u00f6glichst auch die Voraussetzungen f\u00fcr eine dritte Gewaltstraft\u00e4terambulanz in W\u00fcrzburg geschaffen werden.&#8220;<\/p>\n<p>Quelle:stmj.bayern.de<\/p>\n","protected":false},"excerpt":{"rendered":"<p>M\u00fcnchen: &#8222;Eine erfolgreiche Resozialisierung des T\u00e4ters ist der beste Opferschutz!&#8220; Bayerns Justizministerin Dr. Beate Merk hat heute gemeinsam mit Dr. G\u00fcnther Bauer, Vorstand Innere Mission und Mit-Gesch\u00e4ftsf\u00fchrer des Evangelischen Hilfswerks M\u00fcnchen, die bayernweit erste psychotherapeutische Fachambulanz f\u00fcr entlassene Gewaltstraft\u00e4ter in M\u00fcnchen er\u00f6ffnet. Merk: &#8222;Gewaltverbrechen sind leider immer wieder entsetzliche Realit\u00e4t. Ebenso entsetzlich real ist es [&hellip;]<\/p>\n","protected":false},"author":7,"featured_media":3276,"comment_status":"open","ping_status":"open","sticky":false,"template":"","format":"standard","meta":{"footnotes":""},"categories":[78,71],"tags":[1243],"class_list":["post-5827","post","type-post","status-publish","format-standard","has-post-thumbnail","hentry","category-bayern","category-menue","tag-gewalttaeterambulanz"],"_links":{"self":[{"href":"https:\/\/www.frankensicht.de\/index.php?rest_route=\/wp\/v2\/posts\/5827","targetHints":{"allow":["GET"]}}],"collection":[{"href":"https:\/\/www.frankensicht.de\/index.php?rest_route=\/wp\/v2\/posts"}],"about":[{"href":"https:\/\/www.frankensicht.de\/index.php?rest_route=\/wp\/v2\/types\/post"}],"author":[{"embeddable":true,"href":"https:\/\/www.frankensicht.de\/index.php?rest_route=\/wp\/v2\/users\/7"}],"replies":[{"embeddable":true,"href":"https:\/\/www.frankensicht.de\/index.php?rest_route=%2Fwp%2Fv2%2Fcomments&post=5827"}],"version-history":[{"count":0,"href":"https:\/\/www.frankensicht.de\/index.php?rest_route=\/wp\/v2\/posts\/5827\/revisions"}],"wp:featuredmedia":[{"embeddable":true,"href":"https:\/\/www.frankensicht.de\/index.php?rest_route=\/wp\/v2\/media\/3276"}],"wp:attachment":[{"href":"https:\/\/www.frankensicht.de\/index.php?rest_route=%2Fwp%2Fv2%2Fmedia&parent=5827"}],"wp:term":[{"taxonomy":"category","embeddable":true,"href":"https:\/\/www.frankensicht.de\/index.php?rest_route=%2Fwp%2Fv2%2Fcategories&post=5827"},{"taxonomy":"post_tag","embeddable":true,"href":"https:\/\/www.frankensicht.de\/index.php?rest_route=%2Fwp%2Fv2%2Ftags&post=5827"}],"curies":[{"name":"wp","href":"https:\/\/api.w.org\/{rel}","templated":true}]}}