{"id":5809,"date":"2013-06-29T07:50:30","date_gmt":"2013-06-29T05:50:30","guid":{"rendered":"http:\/\/www.frankensicht.de\/?p=5809"},"modified":"2013-06-29T07:50:30","modified_gmt":"2013-06-29T05:50:30","slug":"feierlicher-amtswechsel-am-landgericht-memmingen","status":"publish","type":"post","link":"https:\/\/www.frankensicht.de\/?p=5809","title":{"rendered":"Feierlicher Amtswechsel am Landgericht Memmingen"},"content":{"rendered":"<p><span style=\"color: #ff0000;\">Memmingen:<\/span><\/p>\n<p>Bayerische Justizministerin Dr. Beate Merk verabschiedet Prof. Dr. Karl Thiere und f\u00fchrt Heinrich Melzer in sein neues Amt ein<br \/>\n<a href=\"https:\/\/www.frankensicht.de\/?attachment_id=1410\" rel=\"attachment wp-att-1410\"><img loading=\"lazy\" decoding=\"async\" class=\"alignnone size-full wp-image-1410\" alt=\"paragraf\" src=\"https:\/\/www.frankensicht.de\/wp-content\/uploads\/2012\/05\/paragraf.jpg\" width=\"640\" height=\"400\" srcset=\"https:\/\/www.frankensicht.de\/wp-content\/uploads\/2012\/05\/paragraf.jpg 640w, https:\/\/www.frankensicht.de\/wp-content\/uploads\/2012\/05\/paragraf-300x187.jpg 300w\" sizes=\"auto, (max-width: 640px) 100vw, 640px\" \/><\/a><\/p>\n<p>Bayerns Justiz- und Verbraucherschutzministerin Dr. Beate Merk hat heute den feierlichen Amtswechsel am Landgericht Memmingen vollzogen. Sie verabschiedete Prof. Dr. Karl Thiere in den Ruhestand und f\u00fchrte zugleich Heinrich Melzer in das Amt des Pr\u00e4sidenten des Landgerichts Memmingen ein.<\/p>\n<p>Prof. Dr. Karl Thiere (65 Jahre) begann seine Justizkarriere im Jahr 1977 als Richter am Amtsgericht Kempten. Es folgten Stationen als Staatsanwalt und als Richter am Landgericht Kempten. Ab 1993 wirkte Prof. Thiere als hauptamtlicher Leiter einer Arbeitsgemeinschaft f\u00fcr Rechtsreferendare, bevor er zwei Jahre sp\u00e4ter Vorsitzender Richter am Landgericht Kempten wurde. Hier wurde Prof. Thiere 1996 zum Vizepr\u00e4sidenten ernannt. Seit 2002 bekleidet er das Amt des Pr\u00e4sidenten des Landgerichts Memmingen. 2006 wurde Prof. Thiere zudem zum berufsrichterlichen Mitglied des Bayerischen Verfassungsgerichtshofes gew\u00e4hlt.<\/p>\n<p>Heinrich Melzer (62 Jahre) wurde in seiner ersten Stellung in der bayerischen Justiz im Jahr 1977 als Richter dem Amtsgericht G\u00fcnzburg zugewiesen. Nach einer Station als Staatsanwalt in Memmingen wechselte er im Februar 1981 nach Bonn in das Bundesministerium der Justiz. 1983 kehrte Melzer als Richter am Landgericht Memmingen zur\u00fcck in die schw\u00e4bische Heimat. Von 1991 an war er Richter am Bundespatentgericht, bevor er 1993 wieder zur\u00fcck an das Landgericht Memmingen wechselte. 1998 wurde Melzer hier zum Vorsitzenden Richter ernannt. Vier Jahre sp\u00e4ter wechselte er als Vizepr\u00e4sident an das Landgericht Kempten, ab 2006 war er Vorsitzender des 27. Zivilsenats des M\u00fcnchner Oberlandesgerichts mit Sitz in Augsburg. Zum 1. Juli diesen Jahres wird er die Nachfolge von Prof. Dr. Thiere als Pr\u00e4sident des Landgerichts Memmingen antreten.<\/p>\n<p>Merk: &#8222;Mit seinem herausragenden juristischen K\u00f6nnen und seinem weit \u00fcberdurchschnittlichen Einsatz hat Herr Professor Thiere die Memminger Justiz jahrelang ma\u00dfgeblich gepr\u00e4gt. Was mich ganz besonders freut ist, dass er sich nicht nur in seinem Beruf mit so viel Herzblut engagiert hat, sondern auch in seiner Freizeit ehrenamtlich aktiv ist. Mit Herrn Melzer haben wir einen sehr w\u00fcrdigen Nachfolger gefunden, der f\u00fcr sein gutes Urteilsverm\u00f6gen ebenso bekannt ist wie f\u00fcr seine hervorragenden F\u00fchrungsqualit\u00e4ten. Er wird nahtlos an die exzellenten Leistungen seines Vorg\u00e4ngers ankn\u00fcpfen.&#8220;<\/p>\n<p>Quelle:stmj.bayern.de<\/p>\n","protected":false},"excerpt":{"rendered":"<p>Memmingen: Bayerische Justizministerin Dr. Beate Merk verabschiedet Prof. Dr. Karl Thiere und f\u00fchrt Heinrich Melzer in sein neues Amt ein Bayerns Justiz- und Verbraucherschutzministerin Dr. Beate Merk hat heute den feierlichen Amtswechsel am Landgericht Memmingen vollzogen. Sie verabschiedete Prof. Dr. Karl Thiere in den Ruhestand und f\u00fchrte zugleich Heinrich Melzer in das Amt des Pr\u00e4sidenten [&hellip;]<\/p>\n","protected":false},"author":7,"featured_media":1410,"comment_status":"open","ping_status":"open","sticky":false,"template":"","format":"standard","meta":{"footnotes":""},"categories":[78,71],"tags":[1239],"class_list":["post-5809","post","type-post","status-publish","format-standard","has-post-thumbnail","hentry","category-bayern","category-menue","tag-landgericht-memmingen"],"_links":{"self":[{"href":"https:\/\/www.frankensicht.de\/index.php?rest_route=\/wp\/v2\/posts\/5809","targetHints":{"allow":["GET"]}}],"collection":[{"href":"https:\/\/www.frankensicht.de\/index.php?rest_route=\/wp\/v2\/posts"}],"about":[{"href":"https:\/\/www.frankensicht.de\/index.php?rest_route=\/wp\/v2\/types\/post"}],"author":[{"embeddable":true,"href":"https:\/\/www.frankensicht.de\/index.php?rest_route=\/wp\/v2\/users\/7"}],"replies":[{"embeddable":true,"href":"https:\/\/www.frankensicht.de\/index.php?rest_route=%2Fwp%2Fv2%2Fcomments&post=5809"}],"version-history":[{"count":0,"href":"https:\/\/www.frankensicht.de\/index.php?rest_route=\/wp\/v2\/posts\/5809\/revisions"}],"wp:featuredmedia":[{"embeddable":true,"href":"https:\/\/www.frankensicht.de\/index.php?rest_route=\/wp\/v2\/media\/1410"}],"wp:attachment":[{"href":"https:\/\/www.frankensicht.de\/index.php?rest_route=%2Fwp%2Fv2%2Fmedia&parent=5809"}],"wp:term":[{"taxonomy":"category","embeddable":true,"href":"https:\/\/www.frankensicht.de\/index.php?rest_route=%2Fwp%2Fv2%2Fcategories&post=5809"},{"taxonomy":"post_tag","embeddable":true,"href":"https:\/\/www.frankensicht.de\/index.php?rest_route=%2Fwp%2Fv2%2Ftags&post=5809"}],"curies":[{"name":"wp","href":"https:\/\/api.w.org\/{rel}","templated":true}]}}