{"id":5804,"date":"2013-06-30T11:04:41","date_gmt":"2013-06-30T09:04:41","guid":{"rendered":"http:\/\/www.frankensicht.de\/?p=5804"},"modified":"2013-06-30T11:04:41","modified_gmt":"2013-06-30T09:04:41","slug":"bewegungsprogramm-gegen-demenz-kann-weitergehen","status":"publish","type":"post","link":"https:\/\/www.frankensicht.de\/?p=5804","title":{"rendered":"Bewegungsprogramm gegen Demenz kann weitergehen"},"content":{"rendered":"<p><span style=\"color: #ff0000;\">Erlangen:<\/span><\/p>\n<p>Bewegungsprogramm gegen Demenz kann weitergehen<\/p>\n<p><a href=\"https:\/\/www.frankensicht.de\/?attachment_id=1235\" rel=\"attachment wp-att-1235\"><img loading=\"lazy\" decoding=\"async\" class=\"alignnone size-full wp-image-1235\" alt=\"stop\" src=\"https:\/\/www.frankensicht.de\/wp-content\/uploads\/2012\/05\/stop.png\" width=\"274\" height=\"258\" \/><\/a><br \/>\nDas im Jahr 2011 in Erlangen ins Leben gerufene Bewegungsprojekt &#8222;GESTALT (GEhen, Spielen und Tanzen Als Lebenslange T\u00e4tigkeiten) kann weitergehen. Diese frohe Kunde konnten die Mitglieder des Sportausschusses auf ihrer gestrigen Sitzung entgegennehmen. Dank der F\u00f6rderung durch die Techniker Krankenkasse (TK), die das Projekt mit insgesamt 15.000 Euro unterst\u00fctzt, ist die Fortf\u00fchrung f\u00fcr dieses Jahr gesichert.<br \/>\nB\u00fcrgermeisterin Birgitt A\u00dfmus dankte der TK in einer Pressemeldung f\u00fcr die gro\u00dfz\u00fcgige F\u00f6rderung. &#8222;Die Erlanger B\u00fcrgerinnen und B\u00fcrger sind in einem hohen Prozentsatz sportlich aktiv, umso wichtiger ist es daher, gezielt diejenigen anzusprechen, die bisher nicht erreicht werden konnten und diese Personen vom unsch\u00e4tzbaren Wert von k\u00f6rperlicher Bewegung f\u00fcr ihre Gesundheit zu \u00fcberzeugen. Die Begeisterung der Teilnehmer der bisherigen Kurse hat gezeigt, wie gut und wichtig dieses Angebot ist&#8220;, so A\u00dfmus.<br \/>\nDas Programm richtet sich vornehmlich an \u00e4ltere Menschen, die k\u00f6rperlich weitgehend inaktiv sind, oft nur \u00fcber ein geringeres Einkommen verf\u00fcgen, sozial isoliert leben und damit ein erh\u00f6htes Risiko haben, an Demenz zu erkranken. Innerhalb von sechs Monate durchlaufen die Teilnehmer ein speziell erarbeitetes Bewegungsangebot, das von erfahrenen \u00dcbungsleiterinnen durchgef\u00fchrt wird.<br \/>\nDas Bewegungsprogramm wurde vom Institut f\u00fcr Sportwissenschaft und Sport der Universit\u00e4t Erlangen-N\u00fcrnberg entsprechend dem aktuellen Forschungsstand in der Demenzforschung entwickelt. Nach Ende der Projektf\u00f6rderung durch das Bayerische Staatsministerium f\u00fcr Umwelt und Gesundheit hat das st\u00e4dtische Sportamt die Federf\u00fchrung \u00fcbernommen mit dem Ziel, das Bewegungsprogramm in die lokalen Strukturen zu \u00fcberf\u00fchren, um die Nachhaltigkeit des Angebots mit den beteiligten Kooperationspartnern zu sichern.<\/p>\n<p>Quelle:erlangen.de<\/p>\n","protected":false},"excerpt":{"rendered":"<p>Erlangen: Bewegungsprogramm gegen Demenz kann weitergehen Das im Jahr 2011 in Erlangen ins Leben gerufene Bewegungsprojekt &#8222;GESTALT (GEhen, Spielen und Tanzen Als Lebenslange T\u00e4tigkeiten) kann weitergehen. Diese frohe Kunde konnten die Mitglieder des Sportausschusses auf ihrer gestrigen Sitzung entgegennehmen. Dank der F\u00f6rderung durch die Techniker Krankenkasse (TK), die das Projekt mit insgesamt 15.000 Euro unterst\u00fctzt, [&hellip;]<\/p>\n","protected":false},"author":7,"featured_media":1235,"comment_status":"open","ping_status":"open","sticky":false,"template":"","format":"standard","meta":{"footnotes":""},"categories":[111,71,85],"tags":[205],"class_list":["post-5804","post","type-post","status-publish","format-standard","has-post-thumbnail","hentry","category-erlangen-mittelfranken","category-menue","category-mittelfranken","tag-demenz"],"_links":{"self":[{"href":"https:\/\/www.frankensicht.de\/index.php?rest_route=\/wp\/v2\/posts\/5804","targetHints":{"allow":["GET"]}}],"collection":[{"href":"https:\/\/www.frankensicht.de\/index.php?rest_route=\/wp\/v2\/posts"}],"about":[{"href":"https:\/\/www.frankensicht.de\/index.php?rest_route=\/wp\/v2\/types\/post"}],"author":[{"embeddable":true,"href":"https:\/\/www.frankensicht.de\/index.php?rest_route=\/wp\/v2\/users\/7"}],"replies":[{"embeddable":true,"href":"https:\/\/www.frankensicht.de\/index.php?rest_route=%2Fwp%2Fv2%2Fcomments&post=5804"}],"version-history":[{"count":0,"href":"https:\/\/www.frankensicht.de\/index.php?rest_route=\/wp\/v2\/posts\/5804\/revisions"}],"wp:featuredmedia":[{"embeddable":true,"href":"https:\/\/www.frankensicht.de\/index.php?rest_route=\/wp\/v2\/media\/1235"}],"wp:attachment":[{"href":"https:\/\/www.frankensicht.de\/index.php?rest_route=%2Fwp%2Fv2%2Fmedia&parent=5804"}],"wp:term":[{"taxonomy":"category","embeddable":true,"href":"https:\/\/www.frankensicht.de\/index.php?rest_route=%2Fwp%2Fv2%2Fcategories&post=5804"},{"taxonomy":"post_tag","embeddable":true,"href":"https:\/\/www.frankensicht.de\/index.php?rest_route=%2Fwp%2Fv2%2Ftags&post=5804"}],"curies":[{"name":"wp","href":"https:\/\/api.w.org\/{rel}","templated":true}]}}