{"id":5791,"date":"2013-06-26T08:07:17","date_gmt":"2013-06-26T06:07:17","guid":{"rendered":"http:\/\/www.frankensicht.de\/?p=5791"},"modified":"2013-06-26T08:07:17","modified_gmt":"2013-06-26T06:07:17","slug":"forderprogramm-erneuerbar-mobil-geht-in-die-nachste-runde","status":"publish","type":"post","link":"https:\/\/www.frankensicht.de\/?p=5791","title":{"rendered":"F\u00f6rderprogramm \u201eErneuerbar mobil\u201c geht in die n\u00e4chste Runde"},"content":{"rendered":"<p><span style=\"color: #ff0000;\">Berlin:<\/span><\/p>\n<p>Elektromobilit\u00e4t\/Forschung<\/p>\n<p>F\u00fcr innovative Forschung und Entwicklung in der Elektromobilit\u00e4t stellt<br \/>\ndas Bundesumweltministerium weitere 22 Mio. Euro bereit. Konzepte k\u00f6nnen<br \/>\nbis zum 23. August 2013 eingereicht werden.<\/p>\n<p><a href=\"https:\/\/www.frankensicht.de\/?attachment_id=4796\" rel=\"attachment wp-att-4796\"><img loading=\"lazy\" decoding=\"async\" class=\"alignnone size-full wp-image-4796\" alt=\"steckdose\" src=\"https:\/\/www.frankensicht.de\/wp-content\/uploads\/2012\/12\/steckdose1.jpg\" width=\"640\" height=\"480\" srcset=\"https:\/\/www.frankensicht.de\/wp-content\/uploads\/2012\/12\/steckdose1.jpg 640w, https:\/\/www.frankensicht.de\/wp-content\/uploads\/2012\/12\/steckdose1-300x225.jpg 300w\" sizes=\"auto, (max-width: 640px) 100vw, 640px\" \/><\/a><\/p>\n<p>\u201eErneuerbar mobil\u201c ist das Programm f\u00fcr eine klimafreundliche<br \/>\nElektromobilit\u00e4t. Nachdem seit 2009 bereits 189 Partner in 48 Projekten<br \/>\nunterst\u00fctzt wurden, setzt das Bundesumweltministerium in diesem Jahr die<br \/>\nerfolgreiche F\u00f6rderung von Elektromobilit\u00e4tsprojekten fort. \u201eWir<br \/>\nbrauchen dringend eine Energiewende im Verkehr. 96 Prozent unserer<br \/>\nMobilit\u00e4t h\u00e4ngen am Erd\u00f6l. Das ist weder \u00f6kologisch nachhaltig noch<br \/>\naus Kosten- und Versorgungssicht irgendwie zukunftsf\u00e4hig\u201c, sagte<br \/>\nBundesumweltminister Peter Altmaier. \u201eIch will, dass das Elektroauto<br \/>\nerwachsen wird. Dazu brauchen wir innovative Technologien, die Effizienz<br \/>\nund Fahrspa\u00df verbinden.\u201c<\/p>\n<p>Fahrzeuge mit Elektroantrieb werden k\u00fcnftig eine entscheidende Rolle bei<br \/>\nder Reduktion der CO2-Emissionen des Verkehrs spielen. Daher liegt ein<br \/>\nSchwerpunkt der neuen F\u00f6rderbekanntmachung auf Feldversuchen im<br \/>\nIndividual- und Wirtschaftsverkehr, mit denen unter Alltagsbedingungen<br \/>\nwichtige Erkenntnisse zu den Umwelt- und Klimawirkungen der<br \/>\nElektromobilit\u00e4t gewonnen werden sollen.<\/p>\n<p>Weiterhin soll zur Unterst\u00fctzung der Markteinf\u00fchrung eine begrenzte Zahl<br \/>\nvon Flottenbetreibern bei der Beschaffung von Elektrofahrzeugen<br \/>\nunterst\u00fctzt werden. So k\u00f6nnen Flottenanwendungen identifiziert werden,<br \/>\nbei denen gerade in der Anfangsphase der gr\u00f6\u00dfte \u00f6kologische Mehrwert zu<br \/>\nerwarten ist.<\/p>\n<p>Ein weiteres Themenfeld der neuen Bekanntmachung ist die Entwicklung<br \/>\nzuverl\u00e4ssiger Verfahren zur Kopplung des Energiebedarfs der<br \/>\nElektrofahrzeuge an Strom aus erneuerbaren Energien.<br \/>\nRessourcenverf\u00fcgbarkeit und Recycling sind ebenso Gegenstand der<br \/>\nF\u00f6rderung, denn f\u00fcr eine nachhaltige Elektromobilit\u00e4t ist die<br \/>\nfr\u00fchzeitige Entwicklung einer Ressourcenstrategie unabdingbar.<\/p>\n<p>Die Projekte sollen wichtige Beitr\u00e4ge zum Erreichen der klima- und<br \/>\nenergiepolitischen Ziele der Bundesregierung im Sektor Verkehr leisten.<br \/>\nZudem unterst\u00fctzen sie ma\u00dfgeblich das Ziel, Deutschland zum Leitmarkt<br \/>\nund Leitanbieter f\u00fcr Elektromobilit\u00e4t zu entwickeln. Bis zum 23. August<br \/>\n2013 k\u00f6nnen Skizzen beim Projekttr\u00e4ger VDI\/VDE-IT eingereicht werden.<br \/>\nDie in einem zweistufigen Verfahren ausgew\u00e4hlten Projekte sollen Anfang<br \/>\n2014 starten. Weitere Informationen gibt es unter www.erneuerbar-mobil.de<\/p>\n<p>Quelle:bmu,bund.de<\/p>\n","protected":false},"excerpt":{"rendered":"<p>Berlin: Elektromobilit\u00e4t\/Forschung F\u00fcr innovative Forschung und Entwicklung in der Elektromobilit\u00e4t stellt das Bundesumweltministerium weitere 22 Mio. Euro bereit. Konzepte k\u00f6nnen bis zum 23. August 2013 eingereicht werden. \u201eErneuerbar mobil\u201c ist das Programm f\u00fcr eine klimafreundliche Elektromobilit\u00e4t. Nachdem seit 2009 bereits 189 Partner in 48 Projekten unterst\u00fctzt wurden, setzt das Bundesumweltministerium in diesem Jahr die erfolgreiche [&hellip;]<\/p>\n","protected":false},"author":7,"featured_media":4769,"comment_status":"open","ping_status":"open","sticky":false,"template":"","format":"standard","meta":{"footnotes":""},"categories":[20,3],"tags":[1235],"class_list":["post-5791","post","type-post","status-publish","format-standard","has-post-thumbnail","hentry","category-auto","category-news","tag-elektromobil"],"_links":{"self":[{"href":"https:\/\/www.frankensicht.de\/index.php?rest_route=\/wp\/v2\/posts\/5791","targetHints":{"allow":["GET"]}}],"collection":[{"href":"https:\/\/www.frankensicht.de\/index.php?rest_route=\/wp\/v2\/posts"}],"about":[{"href":"https:\/\/www.frankensicht.de\/index.php?rest_route=\/wp\/v2\/types\/post"}],"author":[{"embeddable":true,"href":"https:\/\/www.frankensicht.de\/index.php?rest_route=\/wp\/v2\/users\/7"}],"replies":[{"embeddable":true,"href":"https:\/\/www.frankensicht.de\/index.php?rest_route=%2Fwp%2Fv2%2Fcomments&post=5791"}],"version-history":[{"count":0,"href":"https:\/\/www.frankensicht.de\/index.php?rest_route=\/wp\/v2\/posts\/5791\/revisions"}],"wp:featuredmedia":[{"embeddable":true,"href":"https:\/\/www.frankensicht.de\/index.php?rest_route=\/wp\/v2\/media\/4769"}],"wp:attachment":[{"href":"https:\/\/www.frankensicht.de\/index.php?rest_route=%2Fwp%2Fv2%2Fmedia&parent=5791"}],"wp:term":[{"taxonomy":"category","embeddable":true,"href":"https:\/\/www.frankensicht.de\/index.php?rest_route=%2Fwp%2Fv2%2Fcategories&post=5791"},{"taxonomy":"post_tag","embeddable":true,"href":"https:\/\/www.frankensicht.de\/index.php?rest_route=%2Fwp%2Fv2%2Ftags&post=5791"}],"curies":[{"name":"wp","href":"https:\/\/api.w.org\/{rel}","templated":true}]}}