{"id":5765,"date":"2013-06-20T07:33:17","date_gmt":"2013-06-20T05:33:17","guid":{"rendered":"http:\/\/www.frankensicht.de\/?p=5765"},"modified":"2013-06-20T07:33:17","modified_gmt":"2013-06-20T05:33:17","slug":"auf-in-neue-markte-infoforum-der-exportinitiativen-zu-solarmarkten-auf-der-intersolar-europe","status":"publish","type":"post","link":"https:\/\/www.frankensicht.de\/?p=5765","title":{"rendered":"Auf in neue M\u00e4rkte &#8211; Infoforum der Exportinitiativen zu Solarm\u00e4rkten auf der Intersolar Europe"},"content":{"rendered":"<p><span style=\"color: #ff0000;\">Berlin:<\/span><\/p>\n<p>Die Exportinitiativen Erneuerbare Energien<br \/>\n&lt;http:\/\/www.bmwi.de\/DE\/Themen\/energie,did=491756.html&gt; und Energieeffizienz<br \/>\n&lt;http:\/\/www.bmwi.de\/DE\/Themen\/Energie\/Energieeffizienz-und-Energieeinsparung\/exportinitiative-energieeffizienz.html&gt;<br \/>\ndes Bundesministeriums f\u00fcr Wirtschaft und Technologie informieren bei der<br \/>\n&#8222;Intersolar Europe&#8220; in M\u00fcnchen vom 19. bis 21. Juni 2013 \u00fcber die Marktchancen<br \/>\nf\u00fcr deutsche Solarunternehmen im Ausland und die Unterst\u00fctzungsangebote der<br \/>\nExportinitiativen (Halle B2, Stand 430).<\/p>\n<p><a href=\"https:\/\/www.frankensicht.de\/?attachment_id=4796\" rel=\"attachment wp-att-4796\"><img loading=\"lazy\" decoding=\"async\" class=\"alignnone size-full wp-image-4796\" alt=\"steckdose\" src=\"https:\/\/www.frankensicht.de\/wp-content\/uploads\/2012\/12\/steckdose1.jpg\" width=\"640\" height=\"480\" srcset=\"https:\/\/www.frankensicht.de\/wp-content\/uploads\/2012\/12\/steckdose1.jpg 640w, https:\/\/www.frankensicht.de\/wp-content\/uploads\/2012\/12\/steckdose1-300x225.jpg 300w\" sizes=\"auto, (max-width: 640px) 100vw, 640px\" \/><\/a><\/p>\n<p>Die Exportinitiativen unterst\u00fctzen deutsche Unternehmen bei der Erschlie\u00dfung von<br \/>\nAuslandsm\u00e4rkten<br \/>\n&lt;http:\/\/www.bmwi.de\/DE\/Themen\/Aussenwirtschaft\/Aussenwirtschaftsfoerderung\/auslandsmarkterschliessung.html&gt;<br \/>\nund schaffen dadurch Arbeitspl\u00e4tze in Deutschland und weltweit.<\/p>\n<p>Aktuelle Umfragen bei Teilnehmern des AHK-Gesch\u00e4ftsreiseprogramms der<br \/>\nExportinitiative Erneuerbare Energien belegen, dass 86 % der teilnehmenden<br \/>\nUnternehmen neue Kunden und Gesch\u00e4ftspartner im Ausland finden, 66 % der<br \/>\nUnternehmen erfolgreich Vertretungen im Ausland gr\u00fcnden und die Umsatzzahlen in<br \/>\n74 % der F\u00e4lle steigen.<\/p>\n<p>Das detaillierte Programm der Veranstaltungen auf der &#8222;Intersolar Europe&#8220; sowie<br \/>\nweitere Informationen zum Angebot und zu aktuellen Veranstaltungen der<br \/>\nExportinitiativen finden Sie unter www.exportinitiative.bmwi.de<br \/>\n&lt;http:\/\/www.exportinitiative.bmwi.de&gt; und www.efficiency-from-germany.info<br \/>\n&lt;http:\/\/www.efficiency-from-germany.info&gt;.<\/p>\n<p>&nbsp;<\/p>\n<p>Quelle:bmwi.bund.de<\/p>\n","protected":false},"excerpt":{"rendered":"<p>Berlin: Die Exportinitiativen Erneuerbare Energien &lt;http:\/\/www.bmwi.de\/DE\/Themen\/energie,did=491756.html&gt; und Energieeffizienz &lt;http:\/\/www.bmwi.de\/DE\/Themen\/Energie\/Energieeffizienz-und-Energieeinsparung\/exportinitiative-energieeffizienz.html&gt; des Bundesministeriums f\u00fcr Wirtschaft und Technologie informieren bei der &#8222;Intersolar Europe&#8220; in M\u00fcnchen vom 19. bis 21. Juni 2013 \u00fcber die Marktchancen f\u00fcr deutsche Solarunternehmen im Ausland und die Unterst\u00fctzungsangebote der Exportinitiativen (Halle B2, Stand 430). Die Exportinitiativen unterst\u00fctzen deutsche Unternehmen bei der Erschlie\u00dfung von Auslandsm\u00e4rkten [&hellip;]<\/p>\n","protected":false},"author":7,"featured_media":4796,"comment_status":"open","ping_status":"open","sticky":false,"template":"","format":"standard","meta":{"footnotes":""},"categories":[383,3],"tags":[464],"class_list":["post-5765","post","type-post","status-publish","format-standard","has-post-thumbnail","hentry","category-energie","category-news","tag-erneuerbare-energie"],"_links":{"self":[{"href":"https:\/\/www.frankensicht.de\/index.php?rest_route=\/wp\/v2\/posts\/5765","targetHints":{"allow":["GET"]}}],"collection":[{"href":"https:\/\/www.frankensicht.de\/index.php?rest_route=\/wp\/v2\/posts"}],"about":[{"href":"https:\/\/www.frankensicht.de\/index.php?rest_route=\/wp\/v2\/types\/post"}],"author":[{"embeddable":true,"href":"https:\/\/www.frankensicht.de\/index.php?rest_route=\/wp\/v2\/users\/7"}],"replies":[{"embeddable":true,"href":"https:\/\/www.frankensicht.de\/index.php?rest_route=%2Fwp%2Fv2%2Fcomments&post=5765"}],"version-history":[{"count":0,"href":"https:\/\/www.frankensicht.de\/index.php?rest_route=\/wp\/v2\/posts\/5765\/revisions"}],"wp:featuredmedia":[{"embeddable":true,"href":"https:\/\/www.frankensicht.de\/index.php?rest_route=\/wp\/v2\/media\/4796"}],"wp:attachment":[{"href":"https:\/\/www.frankensicht.de\/index.php?rest_route=%2Fwp%2Fv2%2Fmedia&parent=5765"}],"wp:term":[{"taxonomy":"category","embeddable":true,"href":"https:\/\/www.frankensicht.de\/index.php?rest_route=%2Fwp%2Fv2%2Fcategories&post=5765"},{"taxonomy":"post_tag","embeddable":true,"href":"https:\/\/www.frankensicht.de\/index.php?rest_route=%2Fwp%2Fv2%2Ftags&post=5765"}],"curies":[{"name":"wp","href":"https:\/\/api.w.org\/{rel}","templated":true}]}}