{"id":5748,"date":"2013-06-18T07:29:19","date_gmt":"2013-06-18T05:29:19","guid":{"rendered":"http:\/\/www.frankensicht.de\/?p=5748"},"modified":"2013-06-18T07:29:19","modified_gmt":"2013-06-18T05:29:19","slug":"einmalige-gemeinschaftsleistung-fur-das-biospharenreservat-rhon","status":"publish","type":"post","link":"https:\/\/www.frankensicht.de\/?p=5748","title":{"rendered":"Einmalige Gemeinschaftsleistung f\u00fcr das Biosph\u00e4renreservat Rh\u00f6n"},"content":{"rendered":"<p><span style=\"color: #ff0000;\">M\u00fcnchen:<\/span><\/p>\n<p>Ehrenfest f\u00fcr Unterst\u00fctzer \/ Auszeichnung f\u00fcr Landr\u00e4te Habermann und Bold sowie Kaul MdL a. D. \/ &#8222;Ehren-Plakette&#8220; f\u00fcr Kommunen<\/p>\n<p>Bayern hat in diesem Jahr die Zukunft des Biosph\u00e4renreservats Rh\u00f6n gesichert. Dies betonte der Bayerische Umweltminister Dr. Marcel Huber beim gro\u00dfen Ehrenfest f\u00fcr die vielen Unterst\u00fctzer des Biosph\u00e4renreservats vor Ort: &#8222;Das Biosph\u00e4renreservat ist eines der gr\u00f6\u00dften Naturschutzprojekte der Staatsregierung. In diesem Jahr haben wir die Sicherung der Kernzone geschafft und gleichzeitig den Weg f\u00fcr die Erweiterung vorbereitet. Dieser Meilenstein f\u00fcr die Region ist eine einmalige Gemeinschaftsleistung von Bund, Land und vor allem den Kommunen.&#8220; Der Umweltminister verlieh den 40 Mitgliedsgemeinden des Biosph\u00e4renreservats eine neue &#8222;Ehren-Plakette&#8220;. &#8222;Das Biosph\u00e4renreservat lebt nicht vom Titel allein, sondern von den Menschen, die diesen Flecken Erde auch mit Leben f\u00fcllen. Die neue ,Ehren-Plakette&#8216; soll das Band der Rh\u00f6ner noch enger kn\u00fcpfen. Dieses Aush\u00e4ngeschild wird ihren Teil zur &#8222;Marke Rh\u00f6n\u201c als einmalige Modellregion f\u00fcr die Nachhaltigkeit beitragen&#8220;, unterstrich Huber. Zudem zeichnete der Umweltminister wichtige Entscheider, Unterst\u00fctzer, \u00dcberzeuger und Koordinatoren des Biosph\u00e4renreservats aus: Landrat Thomas Habermann (Lkr. Rh\u00f6n-Grabfeld) und Landrat Thomas Bold (Lkr. Bad Kissingen) erhielten die Bayerische Staatsmedaille f\u00fcr besondere Verdienste um die Umwelt. Auch Henning Kaul MdL a. D., ehemaliger Vorsitzender des Umweltausschusses des Bayerischen Landtags und langj\u00e4hriger Unterst\u00fctzer des Biosph\u00e4renreservats, wurde geehrt.<\/p>\n<p><a href=\"https:\/\/www.frankensicht.de\/?attachment_id=4830\" rel=\"attachment wp-att-4830\"><img loading=\"lazy\" decoding=\"async\" class=\"alignnone size-full wp-image-4830\" alt=\"blume1\" src=\"https:\/\/www.frankensicht.de\/wp-content\/uploads\/2012\/12\/blume1.jpg\" width=\"600\" height=\"400\" srcset=\"https:\/\/www.frankensicht.de\/wp-content\/uploads\/2012\/12\/blume1.jpg 600w, https:\/\/www.frankensicht.de\/wp-content\/uploads\/2012\/12\/blume1-300x200.jpg 300w, https:\/\/www.frankensicht.de\/wp-content\/uploads\/2012\/12\/blume1-220x146.jpg 220w\" sizes=\"auto, (max-width: 600px) 100vw, 600px\" \/><\/a><\/p>\n<p>Das Biosph\u00e4renreservat Rh\u00f6n steht wie kein anderes f\u00fcr nachhaltiges Wirtschaften, f\u00fcr einen Arbeitsplatz mit Zukunft, f\u00fcr regionale Vermarktung &#8211; und f\u00fcr intakte Natur. Huber: &#8222;Das Biosph\u00e4renreservat Rh\u00f6n ist ein Herzst\u00fcck der Artenvielfalt. Es bietet vielen vom Aussterben bedrohte Vogelarten wie dem Birkhuhn, Wachtelk\u00f6nig, Schwarzstorch oder Eisvogel gesch\u00fctzten Lebensraum.&#8220; Der bayerische Teil des Biosph\u00e4renreservats Rh\u00f6n wird nach dem Willen der Staatsregierung von derzeit knapp 73.000 auf knapp 130.000 Hektar vergr\u00f6\u00dfert. Drei Prozent der Gesamtfl\u00e4che werden als nutzungsfreie Kernzone ausgewiesen. Hierf\u00fcr wurden rund 3.500 Hektar zus\u00e4tzliche Kernzonenfl\u00e4chen ben\u00f6tigt, die der Bund, der Freistaat Bayern sowie die betroffenen Kommunen jetzt gemeinsam aufgebracht haben. Unter Federf\u00fchrung des Bayerischen Umweltministeriums wurde zwischen den Beteiligten eine tragf\u00e4hige L\u00f6sung gefunden. Die Kommunen werden den beachtlichen Teil von \u00fcber 700 Hektar an Kernzonen zur Verf\u00fcgung stellen.<\/p>\n<p>Quelle: stmug.bayern.de<\/p>\n<p>&nbsp;<\/p>\n","protected":false},"excerpt":{"rendered":"<p>M\u00fcnchen: Ehrenfest f\u00fcr Unterst\u00fctzer \/ Auszeichnung f\u00fcr Landr\u00e4te Habermann und Bold sowie Kaul MdL a. D. \/ &#8222;Ehren-Plakette&#8220; f\u00fcr Kommunen Bayern hat in diesem Jahr die Zukunft des Biosph\u00e4renreservats Rh\u00f6n gesichert. Dies betonte der Bayerische Umweltminister Dr. Marcel Huber beim gro\u00dfen Ehrenfest f\u00fcr die vielen Unterst\u00fctzer des Biosph\u00e4renreservats vor Ort: &#8222;Das Biosph\u00e4renreservat ist eines der [&hellip;]<\/p>\n","protected":false},"author":7,"featured_media":4830,"comment_status":"open","ping_status":"open","sticky":false,"template":"","format":"standard","meta":{"footnotes":""},"categories":[78,71],"tags":[1228],"class_list":["post-5748","post","type-post","status-publish","format-standard","has-post-thumbnail","hentry","category-bayern","category-menue","tag-biospharenreservat"],"_links":{"self":[{"href":"https:\/\/www.frankensicht.de\/index.php?rest_route=\/wp\/v2\/posts\/5748","targetHints":{"allow":["GET"]}}],"collection":[{"href":"https:\/\/www.frankensicht.de\/index.php?rest_route=\/wp\/v2\/posts"}],"about":[{"href":"https:\/\/www.frankensicht.de\/index.php?rest_route=\/wp\/v2\/types\/post"}],"author":[{"embeddable":true,"href":"https:\/\/www.frankensicht.de\/index.php?rest_route=\/wp\/v2\/users\/7"}],"replies":[{"embeddable":true,"href":"https:\/\/www.frankensicht.de\/index.php?rest_route=%2Fwp%2Fv2%2Fcomments&post=5748"}],"version-history":[{"count":0,"href":"https:\/\/www.frankensicht.de\/index.php?rest_route=\/wp\/v2\/posts\/5748\/revisions"}],"wp:featuredmedia":[{"embeddable":true,"href":"https:\/\/www.frankensicht.de\/index.php?rest_route=\/wp\/v2\/media\/4830"}],"wp:attachment":[{"href":"https:\/\/www.frankensicht.de\/index.php?rest_route=%2Fwp%2Fv2%2Fmedia&parent=5748"}],"wp:term":[{"taxonomy":"category","embeddable":true,"href":"https:\/\/www.frankensicht.de\/index.php?rest_route=%2Fwp%2Fv2%2Fcategories&post=5748"},{"taxonomy":"post_tag","embeddable":true,"href":"https:\/\/www.frankensicht.de\/index.php?rest_route=%2Fwp%2Fv2%2Ftags&post=5748"}],"curies":[{"name":"wp","href":"https:\/\/api.w.org\/{rel}","templated":true}]}}