{"id":5734,"date":"2013-06-16T07:51:21","date_gmt":"2013-06-16T05:51:21","guid":{"rendered":"http:\/\/www.frankensicht.de\/?p=5734"},"modified":"2013-06-16T07:51:21","modified_gmt":"2013-06-16T05:51:21","slug":"kurorte-und-heilbader-sind-moderne-gesundheitszentren-bayerischer-kurgipfel-gibt-wichtige-impulse-fur-weiterentwicklung","status":"publish","type":"post","link":"https:\/\/www.frankensicht.de\/?p=5734","title":{"rendered":"Kurorte und Heilb\u00e4der sind moderne Gesundheitszentren &#8211; Bayerischer Kurgipfel gibt wichtige Impulse f\u00fcr Weiterentwicklung"},"content":{"rendered":"<p><span style=\"color: #ff0000;\">M\u00fcnchen:<\/span><br \/>\nKurorte und Heilb\u00e4der sind ein bedeutender Bestandteil der bayerischen Gesundheitswirtschaft. Das betonte der Bayerische Gesundheitsminister Dr. Marcel Huber bei der Er\u00f6ffnung des 1. Bayerischen Kurgipfels: &#8222;Bayern ist das B\u00e4derland Nummer 1. Wir wollen jetzt gemeinsam die Zukunft unserer Kurorte und Heilb\u00e4der erfolgreich gestalten. Bayerns Heilb\u00e4der sollen zu modernen Gesundheitszentren f\u00fcr eine immer gesundheitsbewusstere Gesellschaft weiterentwickelt werden.&#8220; Dazu sollen neben einem attraktiven Betreuungsangebot f\u00fcr die Patienten insbesondere neue medizinische Zukunftsthemen wie Burnout, Herz-Kreislauf-Erkrankungen oder Allergien in den Blick genommen werden. Auch die Themen Rehabilitation und Pr\u00e4vention m\u00fcssen k\u00fcnftig eine noch bedeutendere Rolle spielen und einen Schwerpunkt im Angebot der Kurorte und Heilb\u00e4der darstellen. Huber: &#8222;Kurorte sind nicht nur Orte, um gesund zu werden, sondern auch um gesund zu bleiben. Die Menschen werden immer \u00e4lter: Kurorte k\u00f6nnen mit ihrem Angebot dazu beitragen, ein l\u00e4ngeres Leben mit einem deutlichen Plus an gesunden Lebensjahren zu verbinden. Der Freistaat unterst\u00fctzt die Kurorte und Heilb\u00e4der dabei nach Kr\u00e4ften.&#8220;<\/p>\n<p><a href=\"https:\/\/www.frankensicht.de\/?attachment_id=3400\" rel=\"attachment wp-att-3400\"><img loading=\"lazy\" decoding=\"async\" class=\"alignnone size-full wp-image-3400\" alt=\"DSC00016\" src=\"https:\/\/www.frankensicht.de\/wp-content\/uploads\/2012\/07\/DSC00016.jpg\" width=\"640\" height=\"480\" srcset=\"https:\/\/www.frankensicht.de\/wp-content\/uploads\/2012\/07\/DSC00016.jpg 640w, https:\/\/www.frankensicht.de\/wp-content\/uploads\/2012\/07\/DSC00016-300x225.jpg 300w\" sizes=\"auto, (max-width: 640px) 100vw, 640px\" \/><\/a><\/p>\n<p>Im Mittelpunkt der Unterst\u00fctzung steht eine gezielte F\u00f6rderung der Kurorte und Heilb\u00e4der. Hierzu wurde vom Freistaat ein F\u00f6rderprogramm mit einem Volumen von 10 Millionen Euro aufgelegt. Ziel ist die Steigerung der medizinischen Qualit\u00e4t durch eine gezielte Ausrichtung auf medizinische Zukunftsthemen, die Erschlie\u00dfung neuer G\u00e4stekreise und die Verbesserung ambulanter Kuren. Mit dem F\u00f6rderprogramm werden vor Ort etwa die Einrichtung eines &#8222;Lotsen im Kurort&#8220; als zentraler Anlaufstelle f\u00fcr Kurg\u00e4ste oder die Fortbildung von \u00c4rzten zum Kur- und Badearzt unterst\u00fctzt. Auch Ma\u00dfnahmen zur Fortbildung des Fachpersonals sowie Modellprojekte zur Erschlie\u00dfung neuer Behandlungsfelder und -methoden sind vom F\u00f6rderprogramm umfasst. Eine F\u00f6rderung von Infrastrukturma\u00dfnahmen ist ebenfalls m\u00f6glich. Zur Unterst\u00fctzung der Kurorte und Heilb\u00e4der f\u00fchrt das Bayerische Gesundheitsministerium daneben Aktivit\u00e4ten wie Regionalkonferenzen, Runde Tische sowie verschiedene wissenschaftliche Projekte durch. Zu M\u00f6glichkeiten einer individuellen F\u00f6rderung werden die Antragsteller kostenfrei beraten.<\/p>\n<p>In Bayern gibt es 47 hochpr\u00e4dikatisierte Kurorte und Heilb\u00e4der sowie zehn anerkannte Heilquellen- und Moorkurbetriebe. Mit j\u00e4hrlich \u00fcber 22 Millionen \u00dcbernachtungen, rund 100.000 Arbeitspl\u00e4tzen und einer Wertsch\u00f6pfung von etwa 3,7 Milliarden Euro ist die Gesundheitswirtschaft ein enormer Wirtschaftsfaktor, auch und gerade f\u00fcr den l\u00e4ndlichen Raum.<\/p>\n<p>Quelle: \u00a0stmug.bayern.de<\/p>\n<p>&nbsp;<\/p>\n","protected":false},"excerpt":{"rendered":"<p>M\u00fcnchen: Kurorte und Heilb\u00e4der sind ein bedeutender Bestandteil der bayerischen Gesundheitswirtschaft. Das betonte der Bayerische Gesundheitsminister Dr. Marcel Huber bei der Er\u00f6ffnung des 1. Bayerischen Kurgipfels: &#8222;Bayern ist das B\u00e4derland Nummer 1. Wir wollen jetzt gemeinsam die Zukunft unserer Kurorte und Heilb\u00e4der erfolgreich gestalten. Bayerns Heilb\u00e4der sollen zu modernen Gesundheitszentren f\u00fcr eine immer gesundheitsbewusstere Gesellschaft [&hellip;]<\/p>\n","protected":false},"author":7,"featured_media":3400,"comment_status":"open","ping_status":"open","sticky":false,"template":"","format":"standard","meta":{"footnotes":""},"categories":[78,71],"tags":[1223,1224],"class_list":["post-5734","post","type-post","status-publish","format-standard","has-post-thumbnail","hentry","category-bayern","category-menue","tag-heilbader","tag-kurorte"],"_links":{"self":[{"href":"https:\/\/www.frankensicht.de\/index.php?rest_route=\/wp\/v2\/posts\/5734","targetHints":{"allow":["GET"]}}],"collection":[{"href":"https:\/\/www.frankensicht.de\/index.php?rest_route=\/wp\/v2\/posts"}],"about":[{"href":"https:\/\/www.frankensicht.de\/index.php?rest_route=\/wp\/v2\/types\/post"}],"author":[{"embeddable":true,"href":"https:\/\/www.frankensicht.de\/index.php?rest_route=\/wp\/v2\/users\/7"}],"replies":[{"embeddable":true,"href":"https:\/\/www.frankensicht.de\/index.php?rest_route=%2Fwp%2Fv2%2Fcomments&post=5734"}],"version-history":[{"count":0,"href":"https:\/\/www.frankensicht.de\/index.php?rest_route=\/wp\/v2\/posts\/5734\/revisions"}],"wp:featuredmedia":[{"embeddable":true,"href":"https:\/\/www.frankensicht.de\/index.php?rest_route=\/wp\/v2\/media\/3400"}],"wp:attachment":[{"href":"https:\/\/www.frankensicht.de\/index.php?rest_route=%2Fwp%2Fv2%2Fmedia&parent=5734"}],"wp:term":[{"taxonomy":"category","embeddable":true,"href":"https:\/\/www.frankensicht.de\/index.php?rest_route=%2Fwp%2Fv2%2Fcategories&post=5734"},{"taxonomy":"post_tag","embeddable":true,"href":"https:\/\/www.frankensicht.de\/index.php?rest_route=%2Fwp%2Fv2%2Ftags&post=5734"}],"curies":[{"name":"wp","href":"https:\/\/api.w.org\/{rel}","templated":true}]}}