{"id":5690,"date":"2013-06-07T08:00:29","date_gmt":"2013-06-07T06:00:29","guid":{"rendered":"http:\/\/www.frankensicht.de\/?p=5690"},"modified":"2013-06-07T08:00:29","modified_gmt":"2013-06-07T06:00:29","slug":"bayerns-verkehrsminister-zeil-zur-entscheidung-der-kommission-zum-allgau-airport-in-memmingen","status":"publish","type":"post","link":"https:\/\/www.frankensicht.de\/?p=5690","title":{"rendered":"Bayerns Verkehrsminister Zeil zur Entscheidung der Kommission zum Allg\u00e4u Airport in Memmingen"},"content":{"rendered":"<p><span style=\"color: #ff0000;\">Memmingen:<\/span><\/p>\n<p>Zeil: &#8222;Kommission macht Weg f\u00fcr Ausbau des Allg\u00e4u Airports frei&#8220;<\/p>\n<p><a href=\"https:\/\/www.frankensicht.de\/?attachment_id=3049\" rel=\"attachment wp-att-3049\"><img loading=\"lazy\" decoding=\"async\" class=\"alignnone size-full wp-image-3049\" alt=\"flugzeug\" src=\"https:\/\/www.frankensicht.de\/wp-content\/uploads\/2012\/06\/flugzeug.jpg\" width=\"640\" height=\"480\" srcset=\"https:\/\/www.frankensicht.de\/wp-content\/uploads\/2012\/06\/flugzeug.jpg 640w, https:\/\/www.frankensicht.de\/wp-content\/uploads\/2012\/06\/flugzeug-300x225.jpg 300w\" sizes=\"auto, (max-width: 640px) 100vw, 640px\" \/><\/a><\/p>\n<p>&#8222;Mit der gestrigen Entscheidung der Europ\u00e4ischen Kommission ist nun klar, dass eine weitere staatliche F\u00f6rderung des Flughafenprojekts in Memmingen auch aus beihilferechtlicher Sicht m\u00f6glich ist. Der Weg f\u00fcr die gezielte Weiterentwicklung des Flughafens ist frei&#8220;, freut sich Bayerns Wirtschafts- und Verkehrsminister Martin Zeil. Der vorgesehene bedarfsgerechte Flughafenausbau diene der Verbesserung der Verkehrsanbindung der Region sowie der Steigerung der Attraktivit\u00e4t des Flughafens und sei f\u00fcr eine erfolgreiche Fortf\u00fchrung des schw\u00e4bischen Flughafenprojekts von zentraler Bedeutung. \u201eMit der Genehmigung der Beihilfe durch die Kommission wurde eine wichtige H\u00fcrde \u00fcbersprungen. Das Bayerische Wirtschafts- und Verkehrsministerium kann nun die notwendigen Investitionen f\u00fcr den weiteren Ausbau des Allg\u00e4u Airports im Rahmen seiner M\u00f6glichkeiten finanziell f\u00f6rdern\u201c, bekr\u00e4ftigt der Verkehrsminister. Ein Regionalflughafen sei schlie\u00dflich Teil der \u00f6ffentlichen Verkehrsinfrastruktur. \u201eAuf dieser Basis kann die Flughafenbetreiberin Allg\u00e4u Airport GmbH jetzt den bedarfsgerechten Ausbau in Angriff nehmen\u201c, so Zeil.<\/p>\n<p>Das von der Allg\u00e4u Airport GmbH verfolgte Ausbaukonzept sieht Gesamtinvestitionen von rd. 15,5 Mio. Euro bis zum Jahr 2017 vor. Zur Finanzierung soll auch ein Investitionszuschuss des FreistaatesBayern in H\u00f6he von 50 % der zuwendungsf\u00e4higen Kosten beitragen. Bereits am 1. M\u00e4rz 2013 hatte die Regierung von Oberbayern den positiven Planfeststellungsbeschluss f\u00fcr die bauliche und betriebliche Erweiterung des Verkehrsflughafens Memmingen erlassen. \u201eAuf dieser Grundlage soll insbesondere die Start- und Landebahn von 30 auf 45 Meter verbreitert werden. Zudem sind neue Rollwege geplant und eine Erweiterung der Vorfelder sowie Hochbaufl\u00e4chen zur Vergr\u00f6\u00dferung des Terminals\u201c, erl\u00e4utert Zeil.<\/p>\n<p>Der Minister unterstreicht auch noch einmal den gro\u00dfen Einsatz der den Flughafen tragenden regionalen Unternehmen: \u201eDas schw\u00e4bische Flughafenprojekt ist von der in der Allg\u00e4u Airport GmbH vereinten Unternehmerinitiative von Anfang an entschlossen und weitsichtig angegangen worden. Das finanzielle Engagement der Wirtschaft f\u00fcr diesen Flughafen ist vorbildlich und wird durch rund 70 Gesellschafter der Allg\u00e4u Airport GmbH in beeindruckender Weise dokumentiert\u201c. Zudem steigere der Flughafen die verkehrliche und touristische Attraktivit\u00e4t und bringe die wirtschaftliche Entwicklung der Region weiter voran. &#8222;Jetzt geht es darum, den Flughafen auf lange Sicht erfolgreich zu betreiben und die Chancen des Regionalairports f\u00fcr das Allg\u00e4u entschlossen zu nutzen&#8220;, betont Zeil.<\/p>\n<p>Der Allg\u00e4u Airport ist neben den internationalen Verkehrsflugh\u00e4fen M\u00fcnchen und N\u00fcrnberg Bayerns dritter Verkehrsflughafen und wurde als ziviler Nachfolgeflughafen am ehemaligen Milit\u00e4rflugplatz in Memmingerberg entwickelt. Er verf\u00fcgt aufgrund seiner aus Milit\u00e4rzeiten bestehenden Ausstattung auch \u00fcber die infrastrukturellen Rahmenbedingungen, um mit vergleichsweise geringen Investitionen zu einem attraktiven und angemessen nutzbaren zivilen Verkehrsflughafen ausgebaut zu werden.<\/p>\n<p>Quelle:stmwivt.bayern.de<\/p>\n","protected":false},"excerpt":{"rendered":"<p>Memmingen: Zeil: &#8222;Kommission macht Weg f\u00fcr Ausbau des Allg\u00e4u Airports frei&#8220; &#8222;Mit der gestrigen Entscheidung der Europ\u00e4ischen Kommission ist nun klar, dass eine weitere staatliche F\u00f6rderung des Flughafenprojekts in Memmingen auch aus beihilferechtlicher Sicht m\u00f6glich ist. Der Weg f\u00fcr die gezielte Weiterentwicklung des Flughafens ist frei&#8220;, freut sich Bayerns Wirtschafts- und Verkehrsminister Martin Zeil. Der [&hellip;]<\/p>\n","protected":false},"author":7,"featured_media":3180,"comment_status":"open","ping_status":"open","sticky":false,"template":"","format":"standard","meta":{"footnotes":""},"categories":[78,71],"tags":[1216,1217],"class_list":["post-5690","post","type-post","status-publish","format-standard","has-post-thumbnail","hentry","category-bayern","category-menue","tag-airport-m","tag-emmingen"],"_links":{"self":[{"href":"https:\/\/www.frankensicht.de\/index.php?rest_route=\/wp\/v2\/posts\/5690","targetHints":{"allow":["GET"]}}],"collection":[{"href":"https:\/\/www.frankensicht.de\/index.php?rest_route=\/wp\/v2\/posts"}],"about":[{"href":"https:\/\/www.frankensicht.de\/index.php?rest_route=\/wp\/v2\/types\/post"}],"author":[{"embeddable":true,"href":"https:\/\/www.frankensicht.de\/index.php?rest_route=\/wp\/v2\/users\/7"}],"replies":[{"embeddable":true,"href":"https:\/\/www.frankensicht.de\/index.php?rest_route=%2Fwp%2Fv2%2Fcomments&post=5690"}],"version-history":[{"count":0,"href":"https:\/\/www.frankensicht.de\/index.php?rest_route=\/wp\/v2\/posts\/5690\/revisions"}],"wp:featuredmedia":[{"embeddable":true,"href":"https:\/\/www.frankensicht.de\/index.php?rest_route=\/wp\/v2\/media\/3180"}],"wp:attachment":[{"href":"https:\/\/www.frankensicht.de\/index.php?rest_route=%2Fwp%2Fv2%2Fmedia&parent=5690"}],"wp:term":[{"taxonomy":"category","embeddable":true,"href":"https:\/\/www.frankensicht.de\/index.php?rest_route=%2Fwp%2Fv2%2Fcategories&post=5690"},{"taxonomy":"post_tag","embeddable":true,"href":"https:\/\/www.frankensicht.de\/index.php?rest_route=%2Fwp%2Fv2%2Ftags&post=5690"}],"curies":[{"name":"wp","href":"https:\/\/api.w.org\/{rel}","templated":true}]}}