{"id":5675,"date":"2013-06-03T11:50:51","date_gmt":"2013-06-03T09:50:51","guid":{"rendered":"http:\/\/www.frankensicht.de\/?p=5675"},"modified":"2013-06-03T11:50:51","modified_gmt":"2013-06-03T09:50:51","slug":"hochwasser-in-hochwassergebieten-verschoben","status":"publish","type":"post","link":"https:\/\/www.frankensicht.de\/?p=5675","title":{"rendered":"Hochwasser in Hochwassergebieten verschoben"},"content":{"rendered":"<p><span style=\"color: #ff00ff;\">M\u00fcnchen:<\/span><\/p>\n<p>Keine Abschlusspr\u00fcfungen an denjenigen Gymnasien, Fachober- und Berufsoberschulen in den von Hochwasser betroffenen Gebieten, f\u00fcr die die regionalen Krisenst\u00e4be den Unterricht absagen<\/p>\n<p>Aufgrund des Hochwassers entfallen morgen in den betroffenen kreisfreien St\u00e4dten und Landkreisen die Abiturpr\u00fcfungen an denjenigen Gymnasien und die Pr\u00fcfungen zur Hochschulreife an denjenigen Fachober- und Berufsoberschulen, f\u00fcr die die regionalen Krisenst\u00e4be den Unterricht absagen.<\/p>\n<p>Die Pr\u00fcfungen werden nachgeholt.<\/p>\n<p>Quelle:stmuk.bayern.de<\/p>\n<p><a href=\"https:\/\/www.frankensicht.de\/?attachment_id=5014\" rel=\"attachment wp-att-5014\"><img loading=\"lazy\" decoding=\"async\" class=\"alignnone size-full wp-image-5014\" alt=\"trinkwasser\" src=\"https:\/\/www.frankensicht.de\/wp-content\/uploads\/2013\/01\/trinkwasser.jpg\" width=\"1280\" height=\"960\" srcset=\"https:\/\/www.frankensicht.de\/wp-content\/uploads\/2013\/01\/trinkwasser.jpg 1280w, https:\/\/www.frankensicht.de\/wp-content\/uploads\/2013\/01\/trinkwasser-300x225.jpg 300w, https:\/\/www.frankensicht.de\/wp-content\/uploads\/2013\/01\/trinkwasser-1024x768.jpg 1024w\" sizes=\"auto, (max-width: 1280px) 100vw, 1280px\" \/><\/a><\/p>\n","protected":false},"excerpt":{"rendered":"<p>M\u00fcnchen: Keine Abschlusspr\u00fcfungen an denjenigen Gymnasien, Fachober- und Berufsoberschulen in den von Hochwasser betroffenen Gebieten, f\u00fcr die die regionalen Krisenst\u00e4be den Unterricht absagen Aufgrund des Hochwassers entfallen morgen in den betroffenen kreisfreien St\u00e4dten und Landkreisen die Abiturpr\u00fcfungen an denjenigen Gymnasien und die Pr\u00fcfungen zur Hochschulreife an denjenigen Fachober- und Berufsoberschulen, f\u00fcr die die regionalen Krisenst\u00e4be [&hellip;]<\/p>\n","protected":false},"author":7,"featured_media":5014,"comment_status":"open","ping_status":"open","sticky":false,"template":"","format":"standard","meta":{"footnotes":""},"categories":[78,71],"tags":[1213],"class_list":["post-5675","post","type-post","status-publish","format-standard","has-post-thumbnail","hentry","category-bayern","category-menue","tag-hochwasser"],"_links":{"self":[{"href":"https:\/\/www.frankensicht.de\/index.php?rest_route=\/wp\/v2\/posts\/5675","targetHints":{"allow":["GET"]}}],"collection":[{"href":"https:\/\/www.frankensicht.de\/index.php?rest_route=\/wp\/v2\/posts"}],"about":[{"href":"https:\/\/www.frankensicht.de\/index.php?rest_route=\/wp\/v2\/types\/post"}],"author":[{"embeddable":true,"href":"https:\/\/www.frankensicht.de\/index.php?rest_route=\/wp\/v2\/users\/7"}],"replies":[{"embeddable":true,"href":"https:\/\/www.frankensicht.de\/index.php?rest_route=%2Fwp%2Fv2%2Fcomments&post=5675"}],"version-history":[{"count":0,"href":"https:\/\/www.frankensicht.de\/index.php?rest_route=\/wp\/v2\/posts\/5675\/revisions"}],"wp:featuredmedia":[{"embeddable":true,"href":"https:\/\/www.frankensicht.de\/index.php?rest_route=\/wp\/v2\/media\/5014"}],"wp:attachment":[{"href":"https:\/\/www.frankensicht.de\/index.php?rest_route=%2Fwp%2Fv2%2Fmedia&parent=5675"}],"wp:term":[{"taxonomy":"category","embeddable":true,"href":"https:\/\/www.frankensicht.de\/index.php?rest_route=%2Fwp%2Fv2%2Fcategories&post=5675"},{"taxonomy":"post_tag","embeddable":true,"href":"https:\/\/www.frankensicht.de\/index.php?rest_route=%2Fwp%2Fv2%2Ftags&post=5675"}],"curies":[{"name":"wp","href":"https:\/\/api.w.org\/{rel}","templated":true}]}}