{"id":559,"date":"2012-04-04T17:15:32","date_gmt":"2012-04-04T15:15:32","guid":{"rendered":"http:\/\/www.frankensicht.de\/?p=559"},"modified":"2012-04-04T17:18:02","modified_gmt":"2012-04-04T15:18:02","slug":"ausenminister-westerwelle-verurteilt-gewalt-gegen-zivilbevolkerung-in-mali","status":"publish","type":"post","link":"https:\/\/www.frankensicht.de\/?p=559","title":{"rendered":"Au\u00dfenminister Westerwelle verurteilt Gewalt gegen Zivilbev\u00f6lkerung in Mali"},"content":{"rendered":"<p><span style=\"color: #ff0000;\"><strong>Mali:\u00a0<\/strong><\/span><\/p>\n<p>Au\u00dfenminister Westerwelle verurteilt Gewalt gegen Zivilbev\u00f6lkerung in Mali<\/p>\n<p>Bundesminister Westerwelle \u00e4u\u00dferte sich besorgt zu den \u00dcbergriffen auf die Bev\u00f6lkerung im malischen<br \/>\nTimbuktu und anderen Orten sowie die Versuche, dort mit Gewalt die Sharia-Gesetzgebung<br \/>\ndurchzusetzen. Er sagte heute (04.04.):<\/p>\n<p><a href=\"https:\/\/www.frankensicht.de\/?attachment_id=560\" rel=\"attachment wp-att-560\"><img loading=\"lazy\" decoding=\"async\" class=\"alignnone size-medium wp-image-560\" title=\"westerwelle\" src=\"https:\/\/www.frankensicht.de\/wp-content\/uploads\/2012\/04\/westerwelle-199x300.jpg\" alt=\"\" width=\"199\" height=\"300\" \/><\/a><\/p>\n<p>\u201eDie Bundesregierung ist sehr besorgt \u00fcber die Entwicklungen im Norden Malis. Wir verurteilen in<br \/>\naller Sch\u00e4rfe die Versuche, mit Gewalt eine radikale Interpretation der Scharia zu erzwingen.<br \/>\nECOWAS und die Afrikanischer Union haben unsere volle Unterst\u00fctzung f\u00fcr ihre Bem\u00fchungen zu einer<br \/>\nschnellen Beilegung der Krise in Mali.<br \/>\nDie Putschisten in Bamako fordere ich auf, unverz\u00fcglich die verfassungsm\u00e4\u00dfige Ordnung<br \/>\nwiederherzustellen. Ich rufe alle beteiligten zum Verzicht auf weitere Gewalt auf.&#8220;<\/p>\n<p>guelle Bundesaussenministerium<\/p>\n","protected":false},"excerpt":{"rendered":"<p>Mali:\u00a0 Au\u00dfenminister Westerwelle verurteilt Gewalt gegen Zivilbev\u00f6lkerung in Mali Bundesminister Westerwelle \u00e4u\u00dferte sich besorgt zu den \u00dcbergriffen auf die Bev\u00f6lkerung im malischen Timbuktu und anderen Orten sowie die Versuche, dort mit Gewalt die Sharia-Gesetzgebung durchzusetzen. Er sagte heute (04.04.): \u201eDie Bundesregierung ist sehr besorgt \u00fcber die Entwicklungen im Norden Malis. Wir verurteilen in aller Sch\u00e4rfe [&hellip;]<\/p>\n","protected":false},"author":7,"featured_media":0,"comment_status":"open","ping_status":"open","sticky":false,"template":"","format":"standard","meta":{"footnotes":""},"categories":[3,17,30],"tags":[163,161,162],"class_list":["post-559","post","type-post","status-publish","format-standard","hentry","category-news","category-politik","category-welt","tag-gewalt","tag-mali","tag-westerwelle"],"_links":{"self":[{"href":"https:\/\/www.frankensicht.de\/index.php?rest_route=\/wp\/v2\/posts\/559","targetHints":{"allow":["GET"]}}],"collection":[{"href":"https:\/\/www.frankensicht.de\/index.php?rest_route=\/wp\/v2\/posts"}],"about":[{"href":"https:\/\/www.frankensicht.de\/index.php?rest_route=\/wp\/v2\/types\/post"}],"author":[{"embeddable":true,"href":"https:\/\/www.frankensicht.de\/index.php?rest_route=\/wp\/v2\/users\/7"}],"replies":[{"embeddable":true,"href":"https:\/\/www.frankensicht.de\/index.php?rest_route=%2Fwp%2Fv2%2Fcomments&post=559"}],"version-history":[{"count":0,"href":"https:\/\/www.frankensicht.de\/index.php?rest_route=\/wp\/v2\/posts\/559\/revisions"}],"wp:attachment":[{"href":"https:\/\/www.frankensicht.de\/index.php?rest_route=%2Fwp%2Fv2%2Fmedia&parent=559"}],"wp:term":[{"taxonomy":"category","embeddable":true,"href":"https:\/\/www.frankensicht.de\/index.php?rest_route=%2Fwp%2Fv2%2Fcategories&post=559"},{"taxonomy":"post_tag","embeddable":true,"href":"https:\/\/www.frankensicht.de\/index.php?rest_route=%2Fwp%2Fv2%2Ftags&post=559"}],"curies":[{"name":"wp","href":"https:\/\/api.w.org\/{rel}","templated":true}]}}