{"id":5520,"date":"2013-05-10T07:52:28","date_gmt":"2013-05-10T05:52:28","guid":{"rendered":"http:\/\/www.frankensicht.de\/?p=5520"},"modified":"2013-05-10T07:52:28","modified_gmt":"2013-05-10T05:52:28","slug":"videoubertragung","status":"publish","type":"post","link":"https:\/\/www.frankensicht.de\/?p=5520","title":{"rendered":"Video\u00fcbertragung"},"content":{"rendered":"<p>M\u00fcnchen:<\/p>\n<p>Justizministerin Beate Merk k\u00fcndigt Gesetzentwurf zu Video\u00fcbertragungen im Strafverfahren an \/ Vorstellung auf Konferenz der Justizminister im Juni<\/p>\n<p>Bayerns Justizministerin Dr. Beate Merk zieht die notwendigen rechtspolitischen Konsequenzen aus der Diskussion um Video\u00fcbertragungen im NSU-Prozess. Auf der kommenden Justizministerkonferenz am 12.\/13. Juni in Perl-Nennig (Saarland) wird die Ministerin einen Gesetzentwurf vorlegen, der eine \u00dcbertragung \u00f6ffentlichkeitswirksamer Gerichtsverhandlungen in einen anderen Raum des Verhandlungsgeb\u00e4udes f\u00fcr Medienvertreter erm\u00f6glicht. &#8222;Mir geht es darum, f\u00fcr Prozesse, an denen ein besonderes mediales Interesse besteht, eine behutsame Ausweitung der \u00d6ffentlichkeit zu erm\u00f6glichen &#8211; und Gerichten in Zukunft eine Zwangslage, wie sie das Oberlandesgericht M\u00fcnchen aufgrund der unbefriedigenden Rechtslage empfindet, zu ersparen&#8220;.<\/p>\n<p>Dadurch soll die Justiz nach den Worten der Ministerin st\u00e4rker in die Lage versetzt werden, sich dem Informationszeitalter zu stellen. &#8222;Ich sage aber auch: Wir d\u00fcrfen die \u00d6ffentlichkeit nicht grenzenlos ausweiten. Niemand kann wollen, dass Prozesse zu Medienereignissen werden und Prozessbeteiligte sich weniger an der Wahrheitsfindung, sondern an den Kameras orientieren. Hier gilt es, eine Balance zu finden. Das wird Gegenstand meines Entwurfs sein.&#8220; Die Ministerin hofft auf breite Unterst\u00fctzung durch ihre Kollegen, damit das Vorhaben bald umgesetzt werden kann. Von einigen L\u00e4ndern gibt es bereits positive Signale. &#8222;Jetzt gilt es, f\u00fcr die Zukunft z\u00fcgig, aber wohl \u00fcberlegt Konsequenzen zu ziehen.&#8220;<\/p>\n<p>Quelle:stmj.bayern.de<\/p>\n<p><a href=\"https:\/\/www.frankensicht.de\/?attachment_id=5522\" rel=\"attachment wp-att-5522\"><img loading=\"lazy\" decoding=\"async\" class=\"alignnone size-full wp-image-5522\" alt=\"benq\" src=\"https:\/\/www.frankensicht.de\/wp-content\/uploads\/2013\/05\/benq.jpg\" width=\"640\" height=\"480\" srcset=\"https:\/\/www.frankensicht.de\/wp-content\/uploads\/2013\/05\/benq.jpg 640w, https:\/\/www.frankensicht.de\/wp-content\/uploads\/2013\/05\/benq-300x225.jpg 300w\" sizes=\"auto, (max-width: 640px) 100vw, 640px\" \/><\/a><\/p>\n","protected":false},"excerpt":{"rendered":"<p>M\u00fcnchen: Justizministerin Beate Merk k\u00fcndigt Gesetzentwurf zu Video\u00fcbertragungen im Strafverfahren an \/ Vorstellung auf Konferenz der Justizminister im Juni Bayerns Justizministerin Dr. Beate Merk zieht die notwendigen rechtspolitischen Konsequenzen aus der Diskussion um Video\u00fcbertragungen im NSU-Prozess. Auf der kommenden Justizministerkonferenz am 12.\/13. Juni in Perl-Nennig (Saarland) wird die Ministerin einen Gesetzentwurf vorlegen, der eine \u00dcbertragung [&hellip;]<\/p>\n","protected":false},"author":7,"featured_media":5522,"comment_status":"open","ping_status":"open","sticky":false,"template":"","format":"standard","meta":{"footnotes":""},"categories":[78,71],"tags":[1193],"class_list":["post-5520","post","type-post","status-publish","format-standard","has-post-thumbnail","hentry","category-bayern","category-menue","tag-videoubertragung"],"_links":{"self":[{"href":"https:\/\/www.frankensicht.de\/index.php?rest_route=\/wp\/v2\/posts\/5520","targetHints":{"allow":["GET"]}}],"collection":[{"href":"https:\/\/www.frankensicht.de\/index.php?rest_route=\/wp\/v2\/posts"}],"about":[{"href":"https:\/\/www.frankensicht.de\/index.php?rest_route=\/wp\/v2\/types\/post"}],"author":[{"embeddable":true,"href":"https:\/\/www.frankensicht.de\/index.php?rest_route=\/wp\/v2\/users\/7"}],"replies":[{"embeddable":true,"href":"https:\/\/www.frankensicht.de\/index.php?rest_route=%2Fwp%2Fv2%2Fcomments&post=5520"}],"version-history":[{"count":0,"href":"https:\/\/www.frankensicht.de\/index.php?rest_route=\/wp\/v2\/posts\/5520\/revisions"}],"wp:featuredmedia":[{"embeddable":true,"href":"https:\/\/www.frankensicht.de\/index.php?rest_route=\/wp\/v2\/media\/5522"}],"wp:attachment":[{"href":"https:\/\/www.frankensicht.de\/index.php?rest_route=%2Fwp%2Fv2%2Fmedia&parent=5520"}],"wp:term":[{"taxonomy":"category","embeddable":true,"href":"https:\/\/www.frankensicht.de\/index.php?rest_route=%2Fwp%2Fv2%2Fcategories&post=5520"},{"taxonomy":"post_tag","embeddable":true,"href":"https:\/\/www.frankensicht.de\/index.php?rest_route=%2Fwp%2Fv2%2Ftags&post=5520"}],"curies":[{"name":"wp","href":"https:\/\/api.w.org\/{rel}","templated":true}]}}