{"id":5516,"date":"2013-05-06T12:26:26","date_gmt":"2013-05-06T10:26:26","guid":{"rendered":"http:\/\/www.frankensicht.de\/?p=5516"},"modified":"2013-05-06T12:26:26","modified_gmt":"2013-05-06T10:26:26","slug":"mittelstandsbarometer","status":"publish","type":"post","link":"https:\/\/www.frankensicht.de\/?p=5516","title":{"rendered":"Mittelstandsbarometer"},"content":{"rendered":"<p><span style=\"color: #ff0000;\">M\u00fcnchen:<\/span><\/p>\n<p>Mittelstandsbarometer 2013 zeigt: Hohe Zufriedenheit von Unternehmen mit bayerischer Bildungspolitik<\/p>\n<p>Vertreter des Mittelstands w\u00fcrdigen in Umfrage Bildungswesen als Basis f\u00fcr Erfolg bayerischer Unternehmen &#8211; Kultusminister Spaenle leitet von Wertsch\u00e4tzung Ansporn ab, das differenzierte Schulwesen nach Qualit\u00e4t und Gerechtigkeit weiterzuentwickeln<\/p>\n<p>M\u00dcNCHEN. Eine sehr g\u00fcnstige Einsch\u00e4tzung des Mittelstands zur bayerischen Bildungspolitik stellte heute Hubert Barth, Leiter Region Bayern des Pr\u00fcfungs- und Beratungsunternehmens Ernst &amp; Young, in M\u00fcnchen im Rahmen eines Pressegespr\u00e4chs dar. Ausgangsbasis war das Mittelstandsbarometer 2013 von Ernst &amp; Young. Peter Driessen, Hauptgesch\u00e4ftsf\u00fchrer des Bayerischen Industrie- und Handelskammertages, erg\u00e4nzte die Ergebnisse um die Erfahrungen der Industrie- und Handelskammern mit Schule und Bildung in Bayern. Kultusminister Dr. Ludwig Spaenle reagierte mit Freude auf diese Einsch\u00e4tzung des Mittelstands. Er sah darin aber auch einen Ansporn, das Schulwesen unter den Gesichtspunkten Qualit\u00e4t und Gerechtigkeit weiterzuentwickeln. &#8222;Dabei m\u00f6chte ich die verschiedenen Erziehungs- und Bildungseinrichtungen sowie die gesellschaftlichen und wirtschaftlichen Organisationen auch vor Ort einbinden, um die Chancen f\u00fcr die jungen Menschen weiter zu verbessern&#8220;, erinnerte er an seine Initiative<br \/>\nBildungsregionen zu gestalten.<\/p>\n<p><a href=\"https:\/\/www.frankensicht.de\/?attachment_id=1457\" rel=\"attachment wp-att-1457\"><img loading=\"lazy\" decoding=\"async\" class=\"alignnone size-full wp-image-1457\" alt=\"StatPressCN \u2039 frankensicht.de \u2014 WordPress_1336737358340\" src=\"https:\/\/www.frankensicht.de\/wp-content\/uploads\/2012\/05\/StatPressCN-\u2039-frankensicht.de-\u2014-WordPress_1336737358340.jpeg\" width=\"235\" height=\"119\" \/><\/a><br \/>\n3.000 Gesch\u00e4ftsf\u00fchrer und Inhaber befragt<\/p>\n<p>&#8222;In keinem anderen Bundesland ist die Zufriedenheit des Mittelstands mit der regionalen Bildungspolitik derzeit auch nur ann\u00e4hernd so hoch wie in Bayern&#8220;, fasste Hubert Barth das Kernergebnis des Mittelstandsbarometers in Worte, zu dem bundesweit rund 3.000 Gesch\u00e4ftsf\u00fchrer und Inhaber gr\u00f6\u00dferer mittelst\u00e4ndischer Unternehmen befragt worden waren. Er konkretisierte: &#8222;47 Prozent der Mittelst\u00e4ndler in Bayern bewerten derzeit die Bildungspolitik in ihrem Bundesland als uneingeschr\u00e4nkt gut &#8211; das sind deutlich mehr als in allen fr\u00fcheren Befragungen und mehr als Bundesdurchschnitt (33 Prozent).<\/p>\n<p>Hauptgesch\u00e4ftsf\u00fchrer Driessen: Sehr gute Ergebnisse bei IHK-Abschlusspr\u00fcfungen<\/p>\n<p>Hauptgesch\u00e4ftsf\u00fchrer Peter Driessen sagte: &#8222;Bayern braucht sich mit Blick auf die Qualit\u00e4t seines Bildungssystems wirklich nicht zu verstecken. Exemplarisch zeigt sich dies auch an historisch niedrigen Jugendarbeitslosenquoten, den Resultaten vergleichender Schulleistungsstudien und ganz konkret auch bei den Ergebnissen der bundesweit einheitlichen IHK-Abschlusspr\u00fcfungen in der Ausbildung&#8220;. Eine wesentliche Grundlage f\u00fcr eine fortschrittliche Bildungspolitik in Bayern sei vor allem, dass Politik und Wirtschaft zusammen arbeiten und an einem Strang ziehen.<\/p>\n<p>Minister Spaenle: Gute schulische Basis f\u00fcr Bayerns Sch\u00fcler<\/p>\n<p>Kultusminister Dr. Ludwig Spaenle betonte: &#8222;Die Ergebnisse des Mittelstandsbarometers belegen, wie solide die schulische Ausgangsbasis der Sch\u00fclerinnen und Sch\u00fcler in Bayern ist, um z.B. einen Ausbildungsplatz zu erhalten, sich weiterzuqualifizieren und auf der Grundlage der schulischen und beruflichen Ausbildung ihr Leben zu gestalten.&#8220;<br \/>\n&#8222;Der Mittelstand&#8220;, interpretierte der Minister die Ergebnisse, &#8222;anerkennt die Leistungen des differenzierten Schulwesens in Bayern, und zwar unter den Ma\u00dfst\u00e4ben der betrieblichen Alltagserfahrungen.&#8220;<br \/>\nEigens stellte Minister Spaenle die besondere Berufsorientierung der Mittelschule heraus, ferner die Ausrichtung der Realschule auf eine sehr gute Allgemeinbildung und Berufsorientierung. Auch im bayerischen Gymnasium werde durch das W- und P-Seminar berufliche Orientierung vermittelt. Mit dem fl\u00e4chendeckenden Ausbau der Fachober- und Berufsoberschulen sei es gelungen, jungen Menschen mit mittlerem Bildungsabschluss einen zweiten, gleichwertigen, aber beruforientierten Weg zur Hochschulreife zu er\u00f6ffnen.<br \/>\nAbschlie\u00dfend dankte der Minister den Lehrkr\u00e4ften und Eltern f\u00fcr ihr au\u00dfergew\u00f6hnliches Engagement f\u00fcr die Bildung der jungen Menschen, aber auch den Unternehmern und Unternehmen, die sich hier oft weit mehr als zu erwarten f\u00fcr die Qualifikation und Entwicklung junger Menschen einbringen.<\/p>\n<p>Quelle: stmuk.bayern.de<\/p>\n","protected":false},"excerpt":{"rendered":"<p>M\u00fcnchen: Mittelstandsbarometer 2013 zeigt: Hohe Zufriedenheit von Unternehmen mit bayerischer Bildungspolitik Vertreter des Mittelstands w\u00fcrdigen in Umfrage Bildungswesen als Basis f\u00fcr Erfolg bayerischer Unternehmen &#8211; Kultusminister Spaenle leitet von Wertsch\u00e4tzung Ansporn ab, das differenzierte Schulwesen nach Qualit\u00e4t und Gerechtigkeit weiterzuentwickeln M\u00dcNCHEN. Eine sehr g\u00fcnstige Einsch\u00e4tzung des Mittelstands zur bayerischen Bildungspolitik stellte heute Hubert Barth, Leiter [&hellip;]<\/p>\n","protected":false},"author":7,"featured_media":1457,"comment_status":"open","ping_status":"open","sticky":false,"template":"","format":"standard","meta":{"footnotes":""},"categories":[78,71],"tags":[1192],"class_list":["post-5516","post","type-post","status-publish","format-standard","has-post-thumbnail","hentry","category-bayern","category-menue","tag-mittelstandsbarometer"],"_links":{"self":[{"href":"https:\/\/www.frankensicht.de\/index.php?rest_route=\/wp\/v2\/posts\/5516","targetHints":{"allow":["GET"]}}],"collection":[{"href":"https:\/\/www.frankensicht.de\/index.php?rest_route=\/wp\/v2\/posts"}],"about":[{"href":"https:\/\/www.frankensicht.de\/index.php?rest_route=\/wp\/v2\/types\/post"}],"author":[{"embeddable":true,"href":"https:\/\/www.frankensicht.de\/index.php?rest_route=\/wp\/v2\/users\/7"}],"replies":[{"embeddable":true,"href":"https:\/\/www.frankensicht.de\/index.php?rest_route=%2Fwp%2Fv2%2Fcomments&post=5516"}],"version-history":[{"count":0,"href":"https:\/\/www.frankensicht.de\/index.php?rest_route=\/wp\/v2\/posts\/5516\/revisions"}],"wp:featuredmedia":[{"embeddable":true,"href":"https:\/\/www.frankensicht.de\/index.php?rest_route=\/wp\/v2\/media\/1457"}],"wp:attachment":[{"href":"https:\/\/www.frankensicht.de\/index.php?rest_route=%2Fwp%2Fv2%2Fmedia&parent=5516"}],"wp:term":[{"taxonomy":"category","embeddable":true,"href":"https:\/\/www.frankensicht.de\/index.php?rest_route=%2Fwp%2Fv2%2Fcategories&post=5516"},{"taxonomy":"post_tag","embeddable":true,"href":"https:\/\/www.frankensicht.de\/index.php?rest_route=%2Fwp%2Fv2%2Ftags&post=5516"}],"curies":[{"name":"wp","href":"https:\/\/api.w.org\/{rel}","templated":true}]}}