{"id":5427,"date":"2013-04-19T08:56:08","date_gmt":"2013-04-19T06:56:08","guid":{"rendered":"http:\/\/www.frankensicht.de\/?p=5427"},"modified":"2013-04-19T08:56:08","modified_gmt":"2013-04-19T06:56:08","slug":"neue-wege-zur-anpassung-an-die-folgen-des-klimawandels","status":"publish","type":"post","link":"https:\/\/www.frankensicht.de\/?p=5427","title":{"rendered":"Neue Wege zur Anpassung an die Folgen des Klimawandels"},"content":{"rendered":"<p><span style=\"color: #ff0000;\">Grenada:\u00a0<\/span><\/p>\n<p>Der karibische Inselstaat Grenada ist besonders von den Folgen des<br \/>\nKlimawandels betroffen. Bei der Entwicklung und Umsetzung einer<br \/>\numfassenden Anpassungsstrategie wird Grenada vom Bundesumweltministerium<br \/>\nunterst\u00fctzt. Im Beisein von Vertretern nationaler und internationaler<br \/>\nInstitutionen wird das Programm heute vom Premierminister Grenadas, Keith<br \/>\nMitchell, in der Hauptstadt St. George\u2019s offiziell gestartet.<\/p>\n<p>Als Inselstaat in der Karibik muss sich Grenada als Folge des Klimawandels<br \/>\nauf eine Zunahme von Extremwetterereignissen, wie St\u00fcrme, Fluten oder<br \/>\nStarkniederschl\u00e4ge, sowie auf den Anstieg des Meeresspiegels vorbereiten.<br \/>\nDie Verwundbarkeit ist derzeit sehr hoch: Im Jahr 2004 zerst\u00f6rte<br \/>\nbeispielsweise Hurrikan Ivan fast 90 Prozent der Wohngeb\u00e4ude sowie<br \/>\nTourismuseinrichtungen und landwirtschaftliche Produktionsfl\u00e4chen.<\/p>\n<p>Ziel ist es deshalb, die Anpassungsf\u00e4higkeit der Bev\u00f6lkerung und<br \/>\n\u00d6kosysteme an klimabedingte Risiken zu erh\u00f6hen. Neu ist der integrative,<br \/>\nSektor \u00fcbergreifende Ansatz: Statt nur punktuelle Ma\u00dfnahmen umzusetzen,<br \/>\nwerden lokale Aktivit\u00e4ten mit nationalen Ma\u00dfnahmen sowie<br \/>\nsektorspezifische Erfahrungen mit umfassenden Ma\u00dfnahmenpaketen<br \/>\nverkn\u00fcpft. Die nationale Klimawandelkommission wird dabei beraten,<br \/>\nsystematische Risikoanalysen zu entwickeln. Dies soll erm\u00f6glichen,<br \/>\nanf\u00e4llige K\u00fcstenzonen des Landes \u201eklimawandelsicherer\u201c zu machen.<br \/>\nDie Bev\u00f6lkerung soll durch einen Gemeinschaftsfonds unmittelbar bei<br \/>\nkleinr\u00e4umigen Anpassungsma\u00dfnahmen unterst\u00fctzt werden. Schlie\u00dflich soll<br \/>\nGrenada zur langfristigen Finanzierung von Anpassung bef\u00e4higt werden. Ein<br \/>\nErfahrungsaustausch zu erfolgversprechenden Anpassungspraktiken in der<br \/>\nRegion soll ebenfalls gef\u00f6rdert werden. Das Bundesumweltministerium hat<br \/>\nf\u00fcr die Zusammenarbeit 5 Millionen Euro zugesagt. Das Programm wird<br \/>\ngemeinsam von der Deutschen Gesellschaft f\u00fcr Internationale<br \/>\nZusammenarbeit (GIZ) und dem Entwicklungsprogramm der Vereinten Nationen<br \/>\n(UNDP) umgesetzt.<\/p>\n<p>Quelle: bmu.bund.de<\/p>\n<p><a href=\"https:\/\/www.frankensicht.de\/?attachment_id=3964\" rel=\"attachment wp-att-3964\"><img loading=\"lazy\" decoding=\"async\" class=\"alignnone size-full wp-image-3964\" alt=\"P1010456\" src=\"https:\/\/www.frankensicht.de\/wp-content\/uploads\/2012\/08\/P1010456.jpg\" width=\"640\" height=\"480\" srcset=\"https:\/\/www.frankensicht.de\/wp-content\/uploads\/2012\/08\/P1010456.jpg 640w, https:\/\/www.frankensicht.de\/wp-content\/uploads\/2012\/08\/P1010456-300x225.jpg 300w\" sizes=\"auto, (max-width: 640px) 100vw, 640px\" \/><\/a><\/p>\n","protected":false},"excerpt":{"rendered":"<p>Grenada:\u00a0 Der karibische Inselstaat Grenada ist besonders von den Folgen des Klimawandels betroffen. Bei der Entwicklung und Umsetzung einer umfassenden Anpassungsstrategie wird Grenada vom Bundesumweltministerium unterst\u00fctzt. Im Beisein von Vertretern nationaler und internationaler Institutionen wird das Programm heute vom Premierminister Grenadas, Keith Mitchell, in der Hauptstadt St. George\u2019s offiziell gestartet. Als Inselstaat in der Karibik [&hellip;]<\/p>\n","protected":false},"author":7,"featured_media":4830,"comment_status":"open","ping_status":"open","sticky":false,"template":"","format":"standard","meta":{"footnotes":""},"categories":[3,30],"tags":[1182],"class_list":["post-5427","post","type-post","status-publish","format-standard","has-post-thumbnail","hentry","category-news","category-welt","tag-klimawandel"],"_links":{"self":[{"href":"https:\/\/www.frankensicht.de\/index.php?rest_route=\/wp\/v2\/posts\/5427","targetHints":{"allow":["GET"]}}],"collection":[{"href":"https:\/\/www.frankensicht.de\/index.php?rest_route=\/wp\/v2\/posts"}],"about":[{"href":"https:\/\/www.frankensicht.de\/index.php?rest_route=\/wp\/v2\/types\/post"}],"author":[{"embeddable":true,"href":"https:\/\/www.frankensicht.de\/index.php?rest_route=\/wp\/v2\/users\/7"}],"replies":[{"embeddable":true,"href":"https:\/\/www.frankensicht.de\/index.php?rest_route=%2Fwp%2Fv2%2Fcomments&post=5427"}],"version-history":[{"count":0,"href":"https:\/\/www.frankensicht.de\/index.php?rest_route=\/wp\/v2\/posts\/5427\/revisions"}],"wp:featuredmedia":[{"embeddable":true,"href":"https:\/\/www.frankensicht.de\/index.php?rest_route=\/wp\/v2\/media\/4830"}],"wp:attachment":[{"href":"https:\/\/www.frankensicht.de\/index.php?rest_route=%2Fwp%2Fv2%2Fmedia&parent=5427"}],"wp:term":[{"taxonomy":"category","embeddable":true,"href":"https:\/\/www.frankensicht.de\/index.php?rest_route=%2Fwp%2Fv2%2Fcategories&post=5427"},{"taxonomy":"post_tag","embeddable":true,"href":"https:\/\/www.frankensicht.de\/index.php?rest_route=%2Fwp%2Fv2%2Ftags&post=5427"}],"curies":[{"name":"wp","href":"https:\/\/api.w.org\/{rel}","templated":true}]}}