{"id":5317,"date":"2013-03-25T14:28:02","date_gmt":"2013-03-25T13:28:02","guid":{"rendered":"http:\/\/www.frankensicht.de\/?p=5317"},"modified":"2013-03-25T14:28:02","modified_gmt":"2013-03-25T13:28:02","slug":"mit-dem-fahrrad-in-alle-partnerstadte","status":"publish","type":"post","link":"https:\/\/www.frankensicht.de\/?p=5317","title":{"rendered":"Mit dem Fahrrad in alle Partnerst\u00e4dte"},"content":{"rendered":"<p><span style=\"color: #ff0000;\">Erlangen:<\/span><\/p>\n<p>Peter Smolka, Langstrecken-Radler aus Erlangen, startet Ende des Monats zu einer Fahrradtour um die Welt, bei der er alle Partnerkommunen der Hugenottenstadt besuchen will. &#8222;Tour de Friends&#8220; lautet das Motto seines vierj\u00e4hrigen &#8222;Ausflugs&#8220;. Die erste Etappe f\u00fchrt den 52 Jahre alten Informatiker nach Wladimir in Russland. Offiziell verabschiedet und mit guten W\u00fcnschen auf die Reise geschickt wird er von B\u00fcrgermeisterin Elisabeth Preu\u00df am Donnerstag, 28. M\u00e4rz, um 9:00 Uhr vor dem Rathaus. Bis in die russische Partnerstadt wird er von mehreren Freunden begleitet.<br \/>\nSmolka verbindet die Radtour mit einem wohlt\u00e4tigen Zweck: Interessierte k\u00f6nnen ihm pro gefahrenen Kilometer 20 Cent spenden. Das Geld flie\u00dft dann an die Hilfsorganisation &#8222;\u00c4rzte ohne Grenzen&#8220; (Info: www.aerzte-ohne-grenzen.de\/spenden&lt;http:\/\/www.aerzte-ohne-grenzen.de\/spenden&gt;). Von Russland aus geht es weiter nach China, von dort setzt er \u00fcber den Pazifik nach Nordamerika und radelt nach Mittel- und S\u00fcdamerika. Eine zweite Ozean\u00fcberquerung f\u00fchrt in nach Afrika in den Nahen Osten und zur\u00fcck nach Europa.<br \/>\nIn den Partnerst\u00e4dten Wladimir, San Carlos (Nicaragua), Besiktas (T\u00fcrkei), Rennes (Frankreich), Stoke-on-Trent (England), Eskilstuna (Schweden) und Jena in Th\u00fcringen \u00fcberbringt Smolka jeweils Gr\u00fc\u00dfe des Erlanger Oberb\u00fcrgermeisters Siegfried Balleis. Auch Standorte seines Arbeitgebers Siemens will Smolka besuchen. F\u00fcr 2017 ist die R\u00fcckkehr geplant. Info: www.lemlem.de&lt;http:\/\/www.lemlem.de&gt;.<\/p>\n<p>Quelle:erlangen.de<\/p>\n<p><a href=\"https:\/\/www.frankensicht.de\/?attachment_id=2604\" rel=\"attachment wp-att-2604\"><img loading=\"lazy\" decoding=\"async\" class=\"alignnone size-full wp-image-2604\" alt=\"fahrrad1\" src=\"https:\/\/www.frankensicht.de\/wp-content\/uploads\/2012\/06\/fahrrad1.jpg\" width=\"640\" height=\"480\" srcset=\"https:\/\/www.frankensicht.de\/wp-content\/uploads\/2012\/06\/fahrrad1.jpg 640w, https:\/\/www.frankensicht.de\/wp-content\/uploads\/2012\/06\/fahrrad1-300x225.jpg 300w\" sizes=\"auto, (max-width: 640px) 100vw, 640px\" \/><\/a><\/p>\n","protected":false},"excerpt":{"rendered":"<p>Erlangen: Peter Smolka, Langstrecken-Radler aus Erlangen, startet Ende des Monats zu einer Fahrradtour um die Welt, bei der er alle Partnerkommunen der Hugenottenstadt besuchen will. &#8222;Tour de Friends&#8220; lautet das Motto seines vierj\u00e4hrigen &#8222;Ausflugs&#8220;. Die erste Etappe f\u00fchrt den 52 Jahre alten Informatiker nach Wladimir in Russland. Offiziell verabschiedet und mit guten W\u00fcnschen auf die [&hellip;]<\/p>\n","protected":false},"author":7,"featured_media":1385,"comment_status":"open","ping_status":"open","sticky":false,"template":"","format":"standard","meta":{"footnotes":""},"categories":[111,71,85],"tags":[1154],"class_list":["post-5317","post","type-post","status-publish","format-standard","has-post-thumbnail","hentry","category-erlangen-mittelfranken","category-menue","category-mittelfranken","tag-fahrrad"],"_links":{"self":[{"href":"https:\/\/www.frankensicht.de\/index.php?rest_route=\/wp\/v2\/posts\/5317","targetHints":{"allow":["GET"]}}],"collection":[{"href":"https:\/\/www.frankensicht.de\/index.php?rest_route=\/wp\/v2\/posts"}],"about":[{"href":"https:\/\/www.frankensicht.de\/index.php?rest_route=\/wp\/v2\/types\/post"}],"author":[{"embeddable":true,"href":"https:\/\/www.frankensicht.de\/index.php?rest_route=\/wp\/v2\/users\/7"}],"replies":[{"embeddable":true,"href":"https:\/\/www.frankensicht.de\/index.php?rest_route=%2Fwp%2Fv2%2Fcomments&post=5317"}],"version-history":[{"count":0,"href":"https:\/\/www.frankensicht.de\/index.php?rest_route=\/wp\/v2\/posts\/5317\/revisions"}],"wp:featuredmedia":[{"embeddable":true,"href":"https:\/\/www.frankensicht.de\/index.php?rest_route=\/wp\/v2\/media\/1385"}],"wp:attachment":[{"href":"https:\/\/www.frankensicht.de\/index.php?rest_route=%2Fwp%2Fv2%2Fmedia&parent=5317"}],"wp:term":[{"taxonomy":"category","embeddable":true,"href":"https:\/\/www.frankensicht.de\/index.php?rest_route=%2Fwp%2Fv2%2Fcategories&post=5317"},{"taxonomy":"post_tag","embeddable":true,"href":"https:\/\/www.frankensicht.de\/index.php?rest_route=%2Fwp%2Fv2%2Ftags&post=5317"}],"curies":[{"name":"wp","href":"https:\/\/api.w.org\/{rel}","templated":true}]}}