{"id":5308,"date":"2013-03-22T09:06:40","date_gmt":"2013-03-22T08:06:40","guid":{"rendered":"http:\/\/www.frankensicht.de\/?p=5308"},"modified":"2013-03-22T09:06:40","modified_gmt":"2013-03-22T08:06:40","slug":"zwei-bayern-zu-richtern-am-bundesgerichtshof-gewahlt","status":"publish","type":"post","link":"https:\/\/www.frankensicht.de\/?p=5308","title":{"rendered":"Zwei Bayern zu Richtern am Bundesgerichtshof gew\u00e4hlt"},"content":{"rendered":"<p><span style=\"color: #ff0000;\">M\u00fcnchen:<\/span><br \/>\nJustizministerin Beate Merk: &#8222;Mit Renate Fischer und Hartmut Guhling gehen zwei hochqualifizierte Juristen nach Karlsruhe!&#8220;<\/p>\n<p>Die Richterin am Oberlandesgericht M\u00fcnchen Dr. Renate Fischer (49) und der Richter am Oberlandesgericht Bamberg Hartmut Guhling (44) sind heute in Berlin vom Richterwahlausschuss zu Richtern am Bundesgerichthof gew\u00e4hlt worden. Bayerns Justizministerin Dr. Beate Merk: &#8222;Ich freue mich, dass der Richterwahlausschuss auch in diesem Jahr wieder zwei Vorschl\u00e4ge von mir aufgegriffen hat. Wenngleich die bayerische Justiz damit zwei herausragende Richterpers\u00f6nlichkeiten verliert, ist es wichtig, dass im h\u00f6chsten deutschen Zivil- und Strafgericht auch bayerische Experten mit ihrem K\u00f6nnen und ihren Erfahrungen vertreten sind.&#8220;<\/p>\n<p>Die geb\u00fcrtige M\u00fcnchnerin Dr. Renate Fischer trat am 1. Oktober 1990 in die Dienste der bayerischen Justiz und war anschlie\u00dfend zun\u00e4chst als Staatsanw\u00e4ltin bei der Staatsanwaltschaft M\u00fcnchen I t\u00e4tig. Dorthin kehrte sie nach einer rund vierj\u00e4hrigen Abordnung als wissenschaftliche Mitarbeiterin an die Bundesanwaltschaft beim Bundesgerichtshof im Jahr 1999 zur\u00fcck. Nach weiteren Stationen als Richterin am Amtsgericht M\u00fcnchen und Staatsanw\u00e4ltin als Gruppenleiterin bei der Staatsanwaltschaft M\u00fcnchen I wurde sie im August 2005 zur Vorsitzenden Richterin am Landgericht M\u00fcnchen I ernannt. Seit Mai 2009 geh\u00f6rt sie zwei Strafsenaten des Oberlandesgerichts M\u00fcnchen an. Justizministerin Merk: &#8222;Mit Frau Dr. Fischer entsendet die bayerische Justiz eine exzellente Richterin nach Karlsruhe, die ihre wissenschaftliche Bef\u00e4higung mit einem hohen Berufsethos und einen sicheren Blick f\u00fcr praxisgerechte Ergebnisse verbindet. F\u00fcr den Wechsel von der Isar an den Rhein w\u00fcnsche ich ihr alles Gute!&#8220;<\/p>\n<p>Der in M\u00fcnnerstadt geborene Hartmut Guhling begann seine Laufbahn in der bayerischen Justiz am 1. Februar 1996 als Richter am Amtsgericht Kronach. Ab M\u00e4rz 1998 war er als Staatsanwalt bei der Staatsanwaltschaft Coburg t\u00e4tig, bevor im August 1999 an das Landgericht Coburg wechselte, wo er auch Aufgaben der Justizverwaltung, u.a. als Referent f\u00fcr Presse und \u00d6ffentlichkeitsarbeit, wahrnahm. Von August 2003 bis August 2004 war er als wissenschaftlicher Mitarbeiter an den Bundesgerichtshof und anschlie\u00dfend bis Ende 2006 an das Bundesverfassungsgericht abgeordnet. Danach wechselte er zur\u00fcck an das Landgericht Coburg. Seit September 2009 ist er Mitglied zweier Zivilsenate des Oberlandesgerichts Bamberg. Justizministerin Merk: &#8222;Auch Herrn Hartmut Guhling gratuliere ich sehr herzlich! Er geh\u00f6rt zu den Spitzenkr\u00e4ften der bayerischen Justiz. Seine \u00e4u\u00dferst fundierten Rechtskenntnisse pr\u00e4destinieren ihn f\u00fcr das Amt des Bundesrichters. Ich w\u00fcnsche ihm dabei viel Freude und Erfolg!&#8220;<\/p>\n<p>Quelle: stmj.bayern.de<\/p>\n<p><a href=\"https:\/\/www.frankensicht.de\/?attachment_id=1410\" rel=\"attachment wp-att-1410\"><img loading=\"lazy\" decoding=\"async\" class=\"alignnone size-full wp-image-1410\" alt=\"paragraf\" src=\"https:\/\/www.frankensicht.de\/wp-content\/uploads\/2012\/05\/paragraf.jpg\" width=\"640\" height=\"400\" srcset=\"https:\/\/www.frankensicht.de\/wp-content\/uploads\/2012\/05\/paragraf.jpg 640w, https:\/\/www.frankensicht.de\/wp-content\/uploads\/2012\/05\/paragraf-300x187.jpg 300w\" sizes=\"auto, (max-width: 640px) 100vw, 640px\" \/><\/a><\/p>\n","protected":false},"excerpt":{"rendered":"<p>M\u00fcnchen: Justizministerin Beate Merk: &#8222;Mit Renate Fischer und Hartmut Guhling gehen zwei hochqualifizierte Juristen nach Karlsruhe!&#8220; Die Richterin am Oberlandesgericht M\u00fcnchen Dr. Renate Fischer (49) und der Richter am Oberlandesgericht Bamberg Hartmut Guhling (44) sind heute in Berlin vom Richterwahlausschuss zu Richtern am Bundesgerichthof gew\u00e4hlt worden. Bayerns Justizministerin Dr. Beate Merk: &#8222;Ich freue mich, dass [&hellip;]<\/p>\n","protected":false},"author":7,"featured_media":1410,"comment_status":"open","ping_status":"open","sticky":false,"template":"","format":"standard","meta":{"footnotes":""},"categories":[78,71],"tags":[1153],"class_list":["post-5308","post","type-post","status-publish","format-standard","has-post-thumbnail","hentry","category-bayern","category-menue","tag-bundesrichter"],"_links":{"self":[{"href":"https:\/\/www.frankensicht.de\/index.php?rest_route=\/wp\/v2\/posts\/5308","targetHints":{"allow":["GET"]}}],"collection":[{"href":"https:\/\/www.frankensicht.de\/index.php?rest_route=\/wp\/v2\/posts"}],"about":[{"href":"https:\/\/www.frankensicht.de\/index.php?rest_route=\/wp\/v2\/types\/post"}],"author":[{"embeddable":true,"href":"https:\/\/www.frankensicht.de\/index.php?rest_route=\/wp\/v2\/users\/7"}],"replies":[{"embeddable":true,"href":"https:\/\/www.frankensicht.de\/index.php?rest_route=%2Fwp%2Fv2%2Fcomments&post=5308"}],"version-history":[{"count":0,"href":"https:\/\/www.frankensicht.de\/index.php?rest_route=\/wp\/v2\/posts\/5308\/revisions"}],"wp:featuredmedia":[{"embeddable":true,"href":"https:\/\/www.frankensicht.de\/index.php?rest_route=\/wp\/v2\/media\/1410"}],"wp:attachment":[{"href":"https:\/\/www.frankensicht.de\/index.php?rest_route=%2Fwp%2Fv2%2Fmedia&parent=5308"}],"wp:term":[{"taxonomy":"category","embeddable":true,"href":"https:\/\/www.frankensicht.de\/index.php?rest_route=%2Fwp%2Fv2%2Fcategories&post=5308"},{"taxonomy":"post_tag","embeddable":true,"href":"https:\/\/www.frankensicht.de\/index.php?rest_route=%2Fwp%2Fv2%2Ftags&post=5308"}],"curies":[{"name":"wp","href":"https:\/\/api.w.org\/{rel}","templated":true}]}}