{"id":5250,"date":"2013-03-17T08:03:56","date_gmt":"2013-03-17T07:03:56","guid":{"rendered":"http:\/\/www.frankensicht.de\/?p=5250"},"modified":"2013-03-17T08:03:56","modified_gmt":"2013-03-17T07:03:56","slug":"wechsel-in-der-evangelischen-seelsorge-der-bundespolizei","status":"publish","type":"post","link":"https:\/\/www.frankensicht.de\/?p=5250","title":{"rendered":"Wechsel in der evangelischen Seelsorge der Bundespolizei"},"content":{"rendered":"<p><span style=\"color: #ff0000;\">Berlin:<\/span><br \/>\nDekan Peter Jentsch tritt mit Ablauf des 31. M\u00e4rz 2013 nach fast 38-j\u00e4hriger Dienstzeit als Seelsorger in den Ruhestand<br \/>\nAm 14. M\u00e4rz 2013 hat Bundesminister Dr. Friedrich den evangelischen Dekan der Bundespolizei Peter Jentsch feierlich verabschiedet. Nach dem gemeinsamen Gottesdienst in der Franz\u00f6sischen Friedrichstadtkirche dankte er Dekan Peter Jentsch f\u00fcr sein Engagement. Er bbetonte, dass er mit seiner Menschenkenntnis in vorbildlicher Weise den Besch\u00e4ftigten der Bundespolizei nicht nur geistlichen Trost gespendet, sondern unter Einbringung seiner gro\u00dfen Lebenserfahrung auch praktische Lebenshilfe vermittelt hat.<\/p>\n<p><a href=\"https:\/\/www.frankensicht.de\/?attachment_id=5262\" rel=\"attachment wp-att-5262\"><img loading=\"lazy\" decoding=\"async\" class=\"alignnone size-full wp-image-5262\" alt=\"bundespolizei-ev\" src=\"https:\/\/www.frankensicht.de\/wp-content\/uploads\/2013\/03\/bundespolizei-ev.jpg\" width=\"640\" height=\"400\" srcset=\"https:\/\/www.frankensicht.de\/wp-content\/uploads\/2013\/03\/bundespolizei-ev.jpg 640w, https:\/\/www.frankensicht.de\/wp-content\/uploads\/2013\/03\/bundespolizei-ev-300x187.jpg 300w\" sizes=\"auto, (max-width: 640px) 100vw, 640px\" \/><\/a><\/p>\n<p>&#8222;Sie hatten immer ein offenes Ohr f\u00fcr die Sorgen derjenigen, die sich vertrauensvoll an Sie wandten. Gerade in Notlagen wussten die Menschen, dass sie sich immer auf Sie verlassen k\u00f6nnen. Mit Ihrem Ausscheiden wird den Besch\u00e4ftigten in der Bundespolizei ein Mensch, ein Seelsorger, fehlen, der sich tatkr\u00e4ftig ihrer Belange angenommen hat.&#8220;, so der Minister.<\/p>\n<p>Dr. Friedrich betonte, dass Jentsch den Auftrag der Seelsorge, bei der berufsethischen Erziehung im Rahmen der Aus- und Fortbildung mitzuwirken, sehr ernst genommen hat. Die berufsethische Erziehung sch\u00e4rft das berufliche Selbstverst\u00e4ndnis und bietet den Polizstinnen und Polizisten bei der Bew\u00e4ltigung ihrer schwierigen und zum Teil gef\u00e4hrlichen Aufgaben moralischen R\u00fcckhalt.<\/p>\n<p>Auch habe er sich f\u00fcr die Auslandsseelsorge stark gemacht. Es ist seiner Initiative zu verdanken, dass das Bundesministerium des Innern und das Bundesministerium der Verteidigung sich darauf verst\u00e4ndigt haben, dass Milit\u00e4rpfarrer im Einsatzland den Bundespolizistinnen und Bundespolizisten im Notfall sofort, noch bevor aus Deutschland das Kriseninterventionsteam eintrifft, seelsorgerischen Beistand leisten k\u00f6nnen.<\/p>\n<p>Gleichzeitig stellte Bundesminister Dr. Friedrich den Nachfolger im Amt, Herrn Superintendent Dr. Helmut Blanke, vor und bestellte ihn mit Wirkung vom 1. April 2013 zum neuen evangelischen Dekan der Bundespolizei. Er w\u00fcnschte dem k\u00fcnftigen Dekan viel Erfolg und sagte ihm im Namen aller Verantwortlichen in der Bundespolizei eine gute Zusammenarbeit und volle Unterst\u00fctzung zu.<\/p>\n<p>Quelle: bva.bund.de<\/p>\n","protected":false},"excerpt":{"rendered":"<p>Berlin: Dekan Peter Jentsch tritt mit Ablauf des 31. M\u00e4rz 2013 nach fast 38-j\u00e4hriger Dienstzeit als Seelsorger in den Ruhestand Am 14. M\u00e4rz 2013 hat Bundesminister Dr. Friedrich den evangelischen Dekan der Bundespolizei Peter Jentsch feierlich verabschiedet. Nach dem gemeinsamen Gottesdienst in der Franz\u00f6sischen Friedrichstadtkirche dankte er Dekan Peter Jentsch f\u00fcr sein Engagement. Er bbetonte, [&hellip;]<\/p>\n","protected":false},"author":7,"featured_media":5262,"comment_status":"open","ping_status":"open","sticky":false,"template":"","format":"standard","meta":{"footnotes":""},"categories":[44,3],"tags":[1146],"class_list":["post-5250","post","type-post","status-publish","format-standard","has-post-thumbnail","hentry","category-deutschland-2","category-news","tag-bundespolizei-seelsorge"],"_links":{"self":[{"href":"https:\/\/www.frankensicht.de\/index.php?rest_route=\/wp\/v2\/posts\/5250","targetHints":{"allow":["GET"]}}],"collection":[{"href":"https:\/\/www.frankensicht.de\/index.php?rest_route=\/wp\/v2\/posts"}],"about":[{"href":"https:\/\/www.frankensicht.de\/index.php?rest_route=\/wp\/v2\/types\/post"}],"author":[{"embeddable":true,"href":"https:\/\/www.frankensicht.de\/index.php?rest_route=\/wp\/v2\/users\/7"}],"replies":[{"embeddable":true,"href":"https:\/\/www.frankensicht.de\/index.php?rest_route=%2Fwp%2Fv2%2Fcomments&post=5250"}],"version-history":[{"count":0,"href":"https:\/\/www.frankensicht.de\/index.php?rest_route=\/wp\/v2\/posts\/5250\/revisions"}],"wp:featuredmedia":[{"embeddable":true,"href":"https:\/\/www.frankensicht.de\/index.php?rest_route=\/wp\/v2\/media\/5262"}],"wp:attachment":[{"href":"https:\/\/www.frankensicht.de\/index.php?rest_route=%2Fwp%2Fv2%2Fmedia&parent=5250"}],"wp:term":[{"taxonomy":"category","embeddable":true,"href":"https:\/\/www.frankensicht.de\/index.php?rest_route=%2Fwp%2Fv2%2Fcategories&post=5250"},{"taxonomy":"post_tag","embeddable":true,"href":"https:\/\/www.frankensicht.de\/index.php?rest_route=%2Fwp%2Fv2%2Ftags&post=5250"}],"curies":[{"name":"wp","href":"https:\/\/api.w.org\/{rel}","templated":true}]}}