{"id":5183,"date":"2013-03-02T08:47:58","date_gmt":"2013-03-02T07:47:58","guid":{"rendered":"http:\/\/www.frankensicht.de\/?p=5183"},"modified":"2013-03-02T08:47:58","modified_gmt":"2013-03-02T07:47:58","slug":"bundestag-beschliest-anderungen-im-jagdgesetz","status":"publish","type":"post","link":"https:\/\/www.frankensicht.de\/?p=5183","title":{"rendered":"Bundestag beschlie\u00dft \u00c4nderungen im Jagdgesetz"},"content":{"rendered":"<p><span style=\"color: #ff0000;\">Berlin:<\/span><\/p>\n<p>BMELV setzt Urteil des Europ\u00e4ischen Gerichtshofs f\u00fcr Menschenrechte um<\/p>\n<p>Der Deutsche Bundestag hat am Donnerstagabend den Gesetzentwurf zur Novellierung jagdrechtlicher Vorschriften beschlossen, mit dem der Bund das Urteil des Europ\u00e4ischen Gerichtshofs f\u00fcr Menschenrechte (EGMR) vom 26. Juni 2012 umsetzt. Der Europ\u00e4ische Gerichtshof f\u00fcr Menschenrechte hatte die Zwangsmitgliedschaft in Jagdgenossenschaften und die damit verbundene Pflicht des Grundeigent\u00fcmers eingeschr\u00e4nkt, die Aus\u00fcbung der Jagd durch Dritte auf seinem Grundst\u00fcck trotz entgegenstehender ethischer Motive zu dulden. Die nun beschlossene Anpassung beschr\u00e4nkt sich auf die Umsetzung der notwendigen Vorschriften des EGMR. An dem bew\u00e4hrten Reviersystem in Deutschland, das ein grundst\u00fccks\u00fcbergreifendes einheitliches Wildmanagement erm\u00f6glicht, h\u00e4lt das Jagdgesetz auch weiterhin fest.<\/p>\n<p>Die nun vom Parlament verabschiedete Gesetzes\u00e4nderung sieht vor, dass Grundeigent\u00fcmer unter bestimmten Voraussetzungen auf ihren Eigentumsfl\u00e4chen die Errichtung eines befriedeten Bezirks beantragen k\u00f6nnen, auf dem die Jagd ruht. \u00dcber den Antrag entscheidet die zust\u00e4ndige Landesbeh\u00f6rde nach Anh\u00f6rung aller Betroffenen. Au\u00dferdem regelt der Entwurf Wildfolge, Aneignungsrecht und Wildschadensausgleich f\u00fcr die befriedeten Fl\u00e4chen.<\/p>\n<p>Quelle: bmelv.bund.de<\/p>\n<p><a href=\"https:\/\/www.frankensicht.de\/?attachment_id=1235\" rel=\"attachment wp-att-1235\"><img loading=\"lazy\" decoding=\"async\" class=\"alignnone size-full wp-image-1235\" alt=\"stop\" src=\"https:\/\/www.frankensicht.de\/wp-content\/uploads\/2012\/05\/stop.png\" width=\"274\" height=\"258\" \/><\/a><\/p>\n","protected":false},"excerpt":{"rendered":"<p>Berlin: BMELV setzt Urteil des Europ\u00e4ischen Gerichtshofs f\u00fcr Menschenrechte um Der Deutsche Bundestag hat am Donnerstagabend den Gesetzentwurf zur Novellierung jagdrechtlicher Vorschriften beschlossen, mit dem der Bund das Urteil des Europ\u00e4ischen Gerichtshofs f\u00fcr Menschenrechte (EGMR) vom 26. Juni 2012 umsetzt. Der Europ\u00e4ische Gerichtshof f\u00fcr Menschenrechte hatte die Zwangsmitgliedschaft in Jagdgenossenschaften und die damit verbundene Pflicht [&hellip;]<\/p>\n","protected":false},"author":7,"featured_media":1235,"comment_status":"open","ping_status":"open","sticky":false,"template":"","format":"standard","meta":{"footnotes":""},"categories":[44,3],"tags":[963],"class_list":["post-5183","post","type-post","status-publish","format-standard","has-post-thumbnail","hentry","category-deutschland-2","category-news","tag-jagdgesetz"],"_links":{"self":[{"href":"https:\/\/www.frankensicht.de\/index.php?rest_route=\/wp\/v2\/posts\/5183","targetHints":{"allow":["GET"]}}],"collection":[{"href":"https:\/\/www.frankensicht.de\/index.php?rest_route=\/wp\/v2\/posts"}],"about":[{"href":"https:\/\/www.frankensicht.de\/index.php?rest_route=\/wp\/v2\/types\/post"}],"author":[{"embeddable":true,"href":"https:\/\/www.frankensicht.de\/index.php?rest_route=\/wp\/v2\/users\/7"}],"replies":[{"embeddable":true,"href":"https:\/\/www.frankensicht.de\/index.php?rest_route=%2Fwp%2Fv2%2Fcomments&post=5183"}],"version-history":[{"count":0,"href":"https:\/\/www.frankensicht.de\/index.php?rest_route=\/wp\/v2\/posts\/5183\/revisions"}],"wp:featuredmedia":[{"embeddable":true,"href":"https:\/\/www.frankensicht.de\/index.php?rest_route=\/wp\/v2\/media\/1235"}],"wp:attachment":[{"href":"https:\/\/www.frankensicht.de\/index.php?rest_route=%2Fwp%2Fv2%2Fmedia&parent=5183"}],"wp:term":[{"taxonomy":"category","embeddable":true,"href":"https:\/\/www.frankensicht.de\/index.php?rest_route=%2Fwp%2Fv2%2Fcategories&post=5183"},{"taxonomy":"post_tag","embeddable":true,"href":"https:\/\/www.frankensicht.de\/index.php?rest_route=%2Fwp%2Fv2%2Ftags&post=5183"}],"curies":[{"name":"wp","href":"https:\/\/api.w.org\/{rel}","templated":true}]}}