{"id":5077,"date":"2013-02-11T09:41:47","date_gmt":"2013-02-11T08:41:47","guid":{"rendered":"http:\/\/www.frankensicht.de\/?p=5077"},"modified":"2013-02-11T09:41:47","modified_gmt":"2013-02-11T08:41:47","slug":"ein-notruf-fur-ganz-europa-112","status":"publish","type":"post","link":"https:\/\/www.frankensicht.de\/?p=5077","title":{"rendered":"Ein Notruf f\u00fcr ganz Europa: 112"},"content":{"rendered":"<p>Berlin: Ein Notruf f\u00fcr ganz Europa: 112<\/p>\n<p>11. Februar ist Europ\u00e4ischer Tag des Notrufs<br \/>\nSeit Dezember 2008 erhalten die Menschen in ganz Europa unter der einheitlichen Notrufnummer 112 Hilfe. In allen 27 L\u00e4ndern der Europ\u00e4ischen Union k\u00f6nnen aus allen Fest- und Mobilfunknetzen geb\u00fchrenfrei Polizei, Feuerwehr oder Rettungsdienste erreicht werden.<\/p>\n<p>Doch immer noch wissen viel zu wenige Europ\u00e4er von diesem Angebot. Einer von der EU ver\u00f6ffentlichten Studie zufolge ist nur einem Viertel der EU-B\u00fcrger die europaweit einheitliche Notrufnummer 112 bekannt. Zwar kannten zum Befragungszeitpunkt 75 Prozent der befragten B\u00fcrger in Deutschland die nationale Notrufnummer 112, allerdings wussten nur 18 Prozent, dass die gleiche Notrufnummer auch in allen anderen EU-Mitgliedstaaten angerufen werden kann.<\/p>\n<p>Um den Bekanntheitsgrad der europaweiten 112 Notrufnummer zu erh\u00f6hen, wurde der 11. Februar zum Europ\u00e4ischen Tag des Notrufs erkl\u00e4rt. Er findet in diesem Jahr zum f\u00fcnften Mal statt. An diesem Tag werden europaweit verschiedene Sensibilisierungs- und Networking-Aktivit\u00e4ten zur Steigerung der Nutzung der Notrufnummer organisiert.<\/p>\n<p>Quelle: bmi.bund.de<\/p>\n<p><a href=\"https:\/\/www.frankensicht.de\/?attachment_id=2188\" rel=\"attachment wp-att-2188\"><img loading=\"lazy\" decoding=\"async\" class=\"alignnone size-full wp-image-2188\" alt=\"112\" src=\"https:\/\/www.frankensicht.de\/wp-content\/uploads\/2012\/06\/112.jpg\" width=\"640\" height=\"400\" srcset=\"https:\/\/www.frankensicht.de\/wp-content\/uploads\/2012\/06\/112.jpg 640w, https:\/\/www.frankensicht.de\/wp-content\/uploads\/2012\/06\/112-300x187.jpg 300w\" sizes=\"auto, (max-width: 640px) 100vw, 640px\" \/><\/a><\/p>\n","protected":false},"excerpt":{"rendered":"<p>Berlin: Ein Notruf f\u00fcr ganz Europa: 112 11. Februar ist Europ\u00e4ischer Tag des Notrufs Seit Dezember 2008 erhalten die Menschen in ganz Europa unter der einheitlichen Notrufnummer 112 Hilfe. In allen 27 L\u00e4ndern der Europ\u00e4ischen Union k\u00f6nnen aus allen Fest- und Mobilfunknetzen geb\u00fchrenfrei Polizei, Feuerwehr oder Rettungsdienste erreicht werden. Doch immer noch wissen viel zu [&hellip;]<\/p>\n","protected":false},"author":7,"featured_media":2188,"comment_status":"open","ping_status":"open","sticky":false,"template":"","format":"standard","meta":{"footnotes":""},"categories":[75,3],"tags":[1113],"class_list":["post-5077","post","type-post","status-publish","format-standard","has-post-thumbnail","hentry","category-europa-2","category-news","tag-1113"],"_links":{"self":[{"href":"https:\/\/www.frankensicht.de\/index.php?rest_route=\/wp\/v2\/posts\/5077","targetHints":{"allow":["GET"]}}],"collection":[{"href":"https:\/\/www.frankensicht.de\/index.php?rest_route=\/wp\/v2\/posts"}],"about":[{"href":"https:\/\/www.frankensicht.de\/index.php?rest_route=\/wp\/v2\/types\/post"}],"author":[{"embeddable":true,"href":"https:\/\/www.frankensicht.de\/index.php?rest_route=\/wp\/v2\/users\/7"}],"replies":[{"embeddable":true,"href":"https:\/\/www.frankensicht.de\/index.php?rest_route=%2Fwp%2Fv2%2Fcomments&post=5077"}],"version-history":[{"count":0,"href":"https:\/\/www.frankensicht.de\/index.php?rest_route=\/wp\/v2\/posts\/5077\/revisions"}],"wp:featuredmedia":[{"embeddable":true,"href":"https:\/\/www.frankensicht.de\/index.php?rest_route=\/wp\/v2\/media\/2188"}],"wp:attachment":[{"href":"https:\/\/www.frankensicht.de\/index.php?rest_route=%2Fwp%2Fv2%2Fmedia&parent=5077"}],"wp:term":[{"taxonomy":"category","embeddable":true,"href":"https:\/\/www.frankensicht.de\/index.php?rest_route=%2Fwp%2Fv2%2Fcategories&post=5077"},{"taxonomy":"post_tag","embeddable":true,"href":"https:\/\/www.frankensicht.de\/index.php?rest_route=%2Fwp%2Fv2%2Ftags&post=5077"}],"curies":[{"name":"wp","href":"https:\/\/api.w.org\/{rel}","templated":true}]}}