{"id":5012,"date":"2013-01-26T08:34:53","date_gmt":"2013-01-26T07:34:53","guid":{"rendered":"http:\/\/www.frankensicht.de\/?p=5012"},"modified":"2013-01-26T08:34:53","modified_gmt":"2013-01-26T07:34:53","slug":"keine-privatisierung-beim-trinkwasser","status":"publish","type":"post","link":"https:\/\/www.frankensicht.de\/?p=5012","title":{"rendered":"Keine Privatisierung beim Trinkwasser"},"content":{"rendered":"<p><span style=\"color: #ff0000;\">F\u00fcrth:<\/span><br \/>\nGro\u00dfe Sorge bereitet den Verantwortlichen im F\u00fcrther Rathaus die von der Europ\u00e4ischen Union geplante Ausschreibung der Wasserversorgung. \u201eTrinkwasser ist das wichtigste Lebensmittel f\u00fcr den Menschen und damit auch das h\u00f6chste Gut der kommunalen Daseinsvorsorge\u201c, erkl\u00e4rt Oberb\u00fcrgermeister Thomas Jung.<\/p>\n<p>Formal gestattet zwar der zust\u00e4ndige EU-Wettbewerbskommissar Michel Barnier den Kommunen eine eigenst\u00e4ndige Entscheidung \u00fcber die Wasserversorgung. Aber sie d\u00fcrfen nur dann die Versorgung ihren Stadtwerken \u00fcbergeben, wenn mindestens 80 Prozent des Umsatzes durch Dienstleistungen f\u00fcr den Eigent\u00fcmer, also die Stadt F\u00fcrth, erzielt werden. Dies sei jedoch bei der infra f\u00fcrth gmbh ausgeschlossen, da die Hauptkundschaft die F\u00fcrther Strom- und Gaskunden sowie die Fahrg\u00e4ste der VAG sind.<\/p>\n<p>\u201eDie Liberalisierung von Strom und Gas war noch hinnehmbar und vertretbar, Wasser hingegen geh\u00f6rt nicht in private wettbewerbs- und gewinnorientierte Hand\u201c, nimmt der OB zur aktuellen Diskussion Stellung.<\/p>\n<p>Gemeinsam mit dem Bayerischen St\u00e4dtetag wird sich Jung f\u00fcr vern\u00fcnftige Entscheidungen in Br\u00fcssel und einen Erhalt und eine St\u00e4rkung der kommunalen Daseinsvorsorge einsetzen. Die neue Konzessionsrichtlinie der EU stand bereits am Donnerstag auf der Tagesordnung des zust\u00e4ndigen Parlamentsausschusses. Eine\u00a0 endg\u00fcltige Entscheidung ist f\u00fcr Mai zu erwarten.<br \/>\nQuelle: fuerth.de<\/p>\n<p><a href=\"https:\/\/www.frankensicht.de\/?attachment_id=5014\" rel=\"attachment wp-att-5014\"><img loading=\"lazy\" decoding=\"async\" class=\"alignnone size-full wp-image-5014\" alt=\"trinkwasser\" src=\"https:\/\/www.frankensicht.de\/wp-content\/uploads\/2013\/01\/trinkwasser.jpg\" width=\"1280\" height=\"960\" srcset=\"https:\/\/www.frankensicht.de\/wp-content\/uploads\/2013\/01\/trinkwasser.jpg 1280w, https:\/\/www.frankensicht.de\/wp-content\/uploads\/2013\/01\/trinkwasser-300x225.jpg 300w, https:\/\/www.frankensicht.de\/wp-content\/uploads\/2013\/01\/trinkwasser-1024x768.jpg 1024w\" sizes=\"auto, (max-width: 1280px) 100vw, 1280px\" \/><\/a><\/p>\n<p>&nbsp;<\/p>\n","protected":false},"excerpt":{"rendered":"<p>F\u00fcrth: Gro\u00dfe Sorge bereitet den Verantwortlichen im F\u00fcrther Rathaus die von der Europ\u00e4ischen Union geplante Ausschreibung der Wasserversorgung. \u201eTrinkwasser ist das wichtigste Lebensmittel f\u00fcr den Menschen und damit auch das h\u00f6chste Gut der kommunalen Daseinsvorsorge\u201c, erkl\u00e4rt Oberb\u00fcrgermeister Thomas Jung. Formal gestattet zwar der zust\u00e4ndige EU-Wettbewerbskommissar Michel Barnier den Kommunen eine eigenst\u00e4ndige Entscheidung \u00fcber die Wasserversorgung. [&hellip;]<\/p>\n","protected":false},"author":7,"featured_media":5014,"comment_status":"open","ping_status":"open","sticky":false,"template":"","format":"standard","meta":{"footnotes":""},"categories":[110,71,85],"tags":[1101],"class_list":["post-5012","post","type-post","status-publish","format-standard","has-post-thumbnail","hentry","category-furth-mittelfranken","category-menue","category-mittelfranken","tag-privatisierung-trinkwasser"],"_links":{"self":[{"href":"https:\/\/www.frankensicht.de\/index.php?rest_route=\/wp\/v2\/posts\/5012","targetHints":{"allow":["GET"]}}],"collection":[{"href":"https:\/\/www.frankensicht.de\/index.php?rest_route=\/wp\/v2\/posts"}],"about":[{"href":"https:\/\/www.frankensicht.de\/index.php?rest_route=\/wp\/v2\/types\/post"}],"author":[{"embeddable":true,"href":"https:\/\/www.frankensicht.de\/index.php?rest_route=\/wp\/v2\/users\/7"}],"replies":[{"embeddable":true,"href":"https:\/\/www.frankensicht.de\/index.php?rest_route=%2Fwp%2Fv2%2Fcomments&post=5012"}],"version-history":[{"count":0,"href":"https:\/\/www.frankensicht.de\/index.php?rest_route=\/wp\/v2\/posts\/5012\/revisions"}],"wp:featuredmedia":[{"embeddable":true,"href":"https:\/\/www.frankensicht.de\/index.php?rest_route=\/wp\/v2\/media\/5014"}],"wp:attachment":[{"href":"https:\/\/www.frankensicht.de\/index.php?rest_route=%2Fwp%2Fv2%2Fmedia&parent=5012"}],"wp:term":[{"taxonomy":"category","embeddable":true,"href":"https:\/\/www.frankensicht.de\/index.php?rest_route=%2Fwp%2Fv2%2Fcategories&post=5012"},{"taxonomy":"post_tag","embeddable":true,"href":"https:\/\/www.frankensicht.de\/index.php?rest_route=%2Fwp%2Fv2%2Ftags&post=5012"}],"curies":[{"name":"wp","href":"https:\/\/api.w.org\/{rel}","templated":true}]}}