{"id":5000,"date":"2013-01-24T08:16:03","date_gmt":"2013-01-24T07:16:03","guid":{"rendered":"http:\/\/www.frankensicht.de\/?p=5000"},"modified":"2013-01-25T08:21:23","modified_gmt":"2013-01-25T07:21:23","slug":"stadtischer-winterdienst-hat-gut-zu-tun","status":"publish","type":"post","link":"https:\/\/www.frankensicht.de\/?p=5000","title":{"rendered":"St\u00e4dtischer Winterdienst hat gut zu tun"},"content":{"rendered":"<p>Erlangen:<\/p>\n<p>St\u00e4dtischer Winterdienst hat gut zu tun<br \/>\nDas Winterintermezzo im Dezember war zwar relativ schnell wieder vorbei und \u201eabgearbeitet\u201c. Nach Schneef\u00e4llen l\u00f6ste aber am vergangenen Sonntag zweimaliger Eisregen f\u00fcr die rund 125 Mitarbeiter des st\u00e4dtischen Winterdienstes einen Gro\u00dfeinsatz aus. Ab 3:00 Uhr morgens waren sie mit mehr als 50 R\u00e4um- und Streufahrzeugen unterwegs, um Stra\u00dfen, Kreuzungen, Fu\u00dfg\u00e4nger\u00fcberwege und Radwege in einen sicheren Zustand zu versetzen.<br \/>\nIn dem Zusammenhang erinnert die Stadt noch einmal die B\u00fcrger an ihre Verkehrssicherungspflicht bei Schnee-, Reif- oder Eisgl\u00e4tte. Sie gilt an Werktagen von 7:00 Uhr, an Sonn- und gesetzlichen Feiertagen ab 8:00 Uhr und jeweils bis 20:00 Uhr. Ger\u00e4umter Schnee ist dabei am Fahrbahnrand zu lagern, Hydranten, Fu\u00dfg\u00e4nger\u00fcberwege, Abflussrinnen u.\u00e4. m\u00fcssen in jedem Fall aber freigehalten werden. Zum Streuen darf kein Salz verwendet werden.<\/p>\n<p>Der Winterdienst der Stadt Erlangen, der vom kommunalen Eigenbetrieb f\u00fcr Stadtgr\u00fcn, Abfallwirtschaft und Stra\u00dfenreinigung koordiniert wird, ist f\u00fcr 163 Kilometer Hauptverkehrsstra\u00dfen, 120 Kilometer Radwege, fast 400 Bushaltestellen und mehr als 160 Fu\u00dfg\u00e4nger\u00fcberwege zust\u00e4ndig. Daf\u00fcr stehen den mehr als 120 Mitarbeiterinnen und Mitarbeitern 55 Fahrzeuge, vom kleinen Traktor bis zum gro\u00dfen Lkw, zur Verf\u00fcgung. Auf dem Betriebshofgel\u00e4nde in der Stintzingstra\u00dfe sind derzeit 500 Tonnen Streusalz und 160 Kubikmeter Granulat eingelagert.<\/p>\n<p>&nbsp;<\/p>\n<p>Quelle: erlangen.de<\/p>\n<p><a href=\"https:\/\/www.frankensicht.de\/?attachment_id=456\" rel=\"attachment wp-att-456\"><img loading=\"lazy\" decoding=\"async\" class=\"alignnone size-full wp-image-456\" alt=\"winter1\" src=\"https:\/\/www.frankensicht.de\/wp-content\/uploads\/2012\/02\/winter1.jpg\" width=\"400\" height=\"300\" srcset=\"https:\/\/www.frankensicht.de\/wp-content\/uploads\/2012\/02\/winter1.jpg 400w, https:\/\/www.frankensicht.de\/wp-content\/uploads\/2012\/02\/winter1-300x225.jpg 300w\" sizes=\"auto, (max-width: 400px) 100vw, 400px\" \/><\/a><\/p>\n","protected":false},"excerpt":{"rendered":"<p>Erlangen: St\u00e4dtischer Winterdienst hat gut zu tun Das Winterintermezzo im Dezember war zwar relativ schnell wieder vorbei und \u201eabgearbeitet\u201c. Nach Schneef\u00e4llen l\u00f6ste aber am vergangenen Sonntag zweimaliger Eisregen f\u00fcr die rund 125 Mitarbeiter des st\u00e4dtischen Winterdienstes einen Gro\u00dfeinsatz aus. Ab 3:00 Uhr morgens waren sie mit mehr als 50 R\u00e4um- und Streufahrzeugen unterwegs, um Stra\u00dfen, [&hellip;]<\/p>\n","protected":false},"author":7,"featured_media":456,"comment_status":"open","ping_status":"open","sticky":false,"template":"","format":"standard","meta":{"footnotes":""},"categories":[111,71,85],"tags":[1100],"class_list":["post-5000","post","type-post","status-publish","format-standard","has-post-thumbnail","hentry","category-erlangen-mittelfranken","category-menue","category-mittelfranken","tag-winterdienst"],"_links":{"self":[{"href":"https:\/\/www.frankensicht.de\/index.php?rest_route=\/wp\/v2\/posts\/5000","targetHints":{"allow":["GET"]}}],"collection":[{"href":"https:\/\/www.frankensicht.de\/index.php?rest_route=\/wp\/v2\/posts"}],"about":[{"href":"https:\/\/www.frankensicht.de\/index.php?rest_route=\/wp\/v2\/types\/post"}],"author":[{"embeddable":true,"href":"https:\/\/www.frankensicht.de\/index.php?rest_route=\/wp\/v2\/users\/7"}],"replies":[{"embeddable":true,"href":"https:\/\/www.frankensicht.de\/index.php?rest_route=%2Fwp%2Fv2%2Fcomments&post=5000"}],"version-history":[{"count":0,"href":"https:\/\/www.frankensicht.de\/index.php?rest_route=\/wp\/v2\/posts\/5000\/revisions"}],"wp:featuredmedia":[{"embeddable":true,"href":"https:\/\/www.frankensicht.de\/index.php?rest_route=\/wp\/v2\/media\/456"}],"wp:attachment":[{"href":"https:\/\/www.frankensicht.de\/index.php?rest_route=%2Fwp%2Fv2%2Fmedia&parent=5000"}],"wp:term":[{"taxonomy":"category","embeddable":true,"href":"https:\/\/www.frankensicht.de\/index.php?rest_route=%2Fwp%2Fv2%2Fcategories&post=5000"},{"taxonomy":"post_tag","embeddable":true,"href":"https:\/\/www.frankensicht.de\/index.php?rest_route=%2Fwp%2Fv2%2Ftags&post=5000"}],"curies":[{"name":"wp","href":"https:\/\/api.w.org\/{rel}","templated":true}]}}