{"id":4939,"date":"2013-01-11T08:56:29","date_gmt":"2013-01-11T07:56:29","guid":{"rendered":"http:\/\/www.frankensicht.de\/?p=4939"},"modified":"2013-01-11T08:56:29","modified_gmt":"2013-01-11T07:56:29","slug":"menschenhandel","status":"publish","type":"post","link":"https:\/\/www.frankensicht.de\/?p=4939","title":{"rendered":"Menschenhandel"},"content":{"rendered":"<p><span style=\"color: #ff0000;\">M\u00fcnchen:<\/span><\/p>\n<h3>Angesichts immer j\u00fcngerer Opfer von Menschenhandel und Zwangsprostitution: Bayerns Justizministerin Beate Merk fordert bessere Instrumente zum Schutz vor Menschenhandel<\/h3>\n<p>&nbsp;<\/p>\n<p>Bayerns Justizministerin Dr. Beate Merk fordert<br \/>\naus Anlass eines aktuellen Berichts des Bundeskriminalamts<br \/>\nbessere Instrumentarien zur Bek\u00e4mpfung von Menschenhandel:<br \/>\n&#8222;Besonders alarmierend ist, dass laut dem Bericht die<br \/>\nOpfer von Menschenhandel und Zwangsprostitution immer<br \/>\nj\u00fcnger werden&#8220;, so Merk. &#8222;Und dass selten Verfahren<br \/>\ndurch Anzeigen der Opfer in Gang kommen und viele der<br \/>\nOpfer aus Scham oder Angst schweigen&#8220;. Merk mahnte<br \/>\ndaher dringend bessere rechtliche Instrumente an, um<br \/>\ndiese Form der organisierten Kriminalit\u00e4t effektiver<br \/>\nbek\u00e4mpfen zu k\u00f6nnen.<\/p>\n<p><a href=\"https:\/\/www.frankensicht.de\/?attachment_id=1235\" rel=\"attachment wp-att-1235\"><img loading=\"lazy\" decoding=\"async\" class=\"alignnone size-full wp-image-1235\" alt=\"stop\" src=\"https:\/\/www.frankensicht.de\/wp-content\/uploads\/2012\/05\/stop.png\" width=\"274\" height=\"258\" \/><\/a><\/p>\n<p>&#8222;Das beginnt<br \/>\nim Bereich der Aufkl\u00e4rung und Pr\u00e4vention&#8220;, so Merk.<br \/>\n&#8222;Aber auch im Strafrecht muss sich etwas tun. Seit<br \/>\nJahren k\u00e4mpfe ich daf\u00fcr, dass auch die Freier von<br \/>\nZwangsprostituierten bestraft werden k\u00f6nnen, denn<br \/>\nnur deren Nachfrage l\u00e4sst das Gesch\u00e4ft boomen. Auch<br \/>\nm\u00fcssen wir die Strafmilderungen durch das rot-gr\u00fcne<br \/>\nProstitutionsgesetz aus dem Jahr 2001 wieder r\u00fcckg\u00e4ngig<br \/>\nmachen. Den Strafverfolgungsbeh\u00f6rden fehlt seitdem<br \/>\nh\u00e4ufig die M\u00f6glichkeit, Durchsuchungsbeschl\u00fcsse<br \/>\ngegen das Rotlichtmilieu zu erwirken.&#8220;<\/p>\n<p>&nbsp;<\/p>\n<p>Vor<br \/>\nallem brauchen wir auch bessere M\u00f6glichkeiten, um<br \/>\nden Opfern Br\u00fccken zu bauen, damit sie Vertrauen zu<br \/>\nden Strafverfolgungsbeh\u00f6rden sch\u00f6pfen und keine Angst<br \/>\nhaben m\u00fcssen, gegen ihre Peiniger auszusagen. So sieht<br \/>\ndie EU-Richtlinie gegen Menschenhandel vor, dass die<br \/>\nzust\u00e4ndigen nationalen Beh\u00f6rden die Befugnis haben<br \/>\nm\u00fcssen, Opfer von Menschenhandel ihrerseits Straffreiheit<br \/>\nzu gew\u00e4hren oder von einer Strafe abzusehen. Sie sollte<br \/>\nz\u00fcgig in deutsches Recht umgesetzt werden.&#8220;<\/p>\n<p>&nbsp;<\/p>\n<p>Ein<br \/>\naktueller Bericht des Bundeskriminalamts kommt laut<br \/>\nMedienberichten zu dem Ergebnis, dass Opfer von Menschenhandel<br \/>\nimmer j\u00fcnger werden. Die Mehrzahl der 2011 bei Polizeikontrollen<br \/>\nentdeckten Frauen und M\u00e4nner war danach j\u00fcnger als<br \/>\n21 Jahre. 12 % waren zwischen 14 und 17 Jahre alt und<br \/>\n13 Opfer sogar j\u00fcnger als 14 Jahre. Jedes f\u00fcnfte<br \/>\nOpfer werde mit Gewalt zur Prostitution gezwungen.<\/p>\n<p>&nbsp;<\/p>\n<p>&nbsp;<\/p>\n<p>&nbsp;<\/p>\n<p>&nbsp;<br \/>\nQuelle: stmj.bayern.de<\/p>\n","protected":false},"excerpt":{"rendered":"<p>M\u00fcnchen: Angesichts immer j\u00fcngerer Opfer von Menschenhandel und Zwangsprostitution: Bayerns Justizministerin Beate Merk fordert bessere Instrumente zum Schutz vor Menschenhandel &nbsp; Bayerns Justizministerin Dr. Beate Merk fordert aus Anlass eines aktuellen Berichts des Bundeskriminalamts bessere Instrumentarien zur Bek\u00e4mpfung von Menschenhandel: &#8222;Besonders alarmierend ist, dass laut dem Bericht die Opfer von Menschenhandel und Zwangsprostitution immer j\u00fcnger [&hellip;]<\/p>\n","protected":false},"author":7,"featured_media":1235,"comment_status":"open","ping_status":"open","sticky":false,"template":"","format":"standard","meta":{"footnotes":""},"categories":[78,71],"tags":[964],"class_list":["post-4939","post","type-post","status-publish","format-standard","has-post-thumbnail","hentry","category-bayern","category-menue","tag-menschenhandel"],"_links":{"self":[{"href":"https:\/\/www.frankensicht.de\/index.php?rest_route=\/wp\/v2\/posts\/4939","targetHints":{"allow":["GET"]}}],"collection":[{"href":"https:\/\/www.frankensicht.de\/index.php?rest_route=\/wp\/v2\/posts"}],"about":[{"href":"https:\/\/www.frankensicht.de\/index.php?rest_route=\/wp\/v2\/types\/post"}],"author":[{"embeddable":true,"href":"https:\/\/www.frankensicht.de\/index.php?rest_route=\/wp\/v2\/users\/7"}],"replies":[{"embeddable":true,"href":"https:\/\/www.frankensicht.de\/index.php?rest_route=%2Fwp%2Fv2%2Fcomments&post=4939"}],"version-history":[{"count":0,"href":"https:\/\/www.frankensicht.de\/index.php?rest_route=\/wp\/v2\/posts\/4939\/revisions"}],"wp:featuredmedia":[{"embeddable":true,"href":"https:\/\/www.frankensicht.de\/index.php?rest_route=\/wp\/v2\/media\/1235"}],"wp:attachment":[{"href":"https:\/\/www.frankensicht.de\/index.php?rest_route=%2Fwp%2Fv2%2Fmedia&parent=4939"}],"wp:term":[{"taxonomy":"category","embeddable":true,"href":"https:\/\/www.frankensicht.de\/index.php?rest_route=%2Fwp%2Fv2%2Fcategories&post=4939"},{"taxonomy":"post_tag","embeddable":true,"href":"https:\/\/www.frankensicht.de\/index.php?rest_route=%2Fwp%2Fv2%2Ftags&post=4939"}],"curies":[{"name":"wp","href":"https:\/\/api.w.org\/{rel}","templated":true}]}}