{"id":4888,"date":"2013-01-02T11:27:00","date_gmt":"2013-01-02T10:27:00","guid":{"rendered":"http:\/\/www.frankensicht.de\/?p=4888"},"modified":"2013-01-02T11:27:00","modified_gmt":"2013-01-02T10:27:00","slug":"nachhaltigkeit-beim-gluhbirnenkauf","status":"publish","type":"post","link":"https:\/\/www.frankensicht.de\/?p=4888","title":{"rendered":"Nachhaltigkeit beim Gl\u00fchbirnenkauf"},"content":{"rendered":"<p><span style=\"color: #ff0000;\">M\u00fcnchen:<\/span><br \/>\nVerbraucherschutzministerin Merk: &#8222;Es gibt mittlerweile sehr gute Alternativen zu herk\u00f6mmlichen Gl\u00fchlampen<\/p>\n<p>&nbsp;<\/p>\n<p class=\"text\">\n<p>Nach dem Verbot herk\u00f6mmlicher Gl\u00fchlampen im September<br \/>\n2012 muss sich der Verbraucher u.a. mit LED-Lampen,<br \/>\nKompaktleuchtstofflampen und Halogengl\u00fchlampen auseinandersetzen<br \/>\n&#8211; und die Beratung in den Gesch\u00e4ften hilft manchmal<br \/>\nnicht viel weiter. Bayerns Staatsministerin f\u00fcr Verbraucherschutz<br \/>\nDr. Beate Merk dazu: &#8222;Energiesparlampen und LED liefern<br \/>\nbei deutlich geringerer Wattzahl und damit deutlich<br \/>\ngeringerem Stromverbrauch dieselbe Helligkeit wie die<br \/>\n&#8222;gute alte Gl\u00fchbirne&#8220;. Und das ist gut f\u00fcr die Umwelt<br \/>\nund das Portemonnaie der Menschen! Und: Wer heute Gl\u00fchbirnen<br \/>\nkaufen will, hat neuerdings nicht mehr nur die &#8222;Qual<br \/>\nder Wahl&#8220;, was Preis und Helligkeit anbelangt. Auch<br \/>\nbei Lichtfarbe und Farbtemperatur gibt es Wahlm\u00f6glichkeiten<br \/>\nund damit Stellschrauben f\u00fcr den Verbraucher, sich<br \/>\nseine ganz individuelle Beleuchtung ins Haus zu holen<br \/>\n&#8211; je nach Einsatzort!&#8220;<\/p>\n<p><a href=\"https:\/\/www.frankensicht.de\/?attachment_id=4797\" rel=\"attachment wp-att-4797\"><img loading=\"lazy\" decoding=\"async\" class=\"alignnone size-medium wp-image-4797\" alt=\"lichtschalter\" src=\"https:\/\/www.frankensicht.de\/wp-content\/uploads\/2012\/12\/lichtschalter-300x225.jpg\" width=\"300\" height=\"225\" srcset=\"https:\/\/www.frankensicht.de\/wp-content\/uploads\/2012\/12\/lichtschalter-300x225.jpg 300w, https:\/\/www.frankensicht.de\/wp-content\/uploads\/2012\/12\/lichtschalter.jpg 640w\" sizes=\"auto, (max-width: 300px) 100vw, 300px\" \/><\/a><\/p>\n<p>Das als<br \/>\n&#8222;kaltwei\u00df&#8220; bezeichnete Licht vieler Energiesparlampen<br \/>\nund LED ist gut f\u00fcr den Arbeitsbereich und zur Konzentrationsf\u00f6rderung<br \/>\ngeeignet. Aber es gibt hier mittlerweile auch &#8222;neutralwei\u00dfe&#8220;<br \/>\nAlternativen f\u00fcr den Wohnbereich. Die h\u00f6heren Anschaffungskosten<br \/>\nwerden durch den geringeren Stromverbrauch und die<br \/>\nerheblich l\u00e4ngere Lebenszeit ausgeglichen.<\/p>\n<p>&nbsp;<\/p>\n<p>Merk<br \/>\nabschlie\u00dfend: &#8222;Mehr Nachhaltigkeit, mehr Wirtschaftlichkeit,<br \/>\nmehr Gestaltungsm\u00f6glichkeiten: Ein Gewinn f\u00fcr alle!&#8220;.<\/p>\n<p>&nbsp;<\/p>\n<p>Weitere<br \/>\nInformationen finden sich im Verbraucherportal unter<br \/>\nhttp:\/\/www.vis.bayern.de\/energie\/bauen_wohnen\/ledlampen.htm.<\/p>\n<p>&nbsp;<\/p>\n<p>&nbsp;<\/p>\n<p>&nbsp;<\/p>\n<p>&nbsp;<\/p>\n<p>&nbsp;<br \/>\nQuelle: stmj.bayern.de<\/p>\n","protected":false},"excerpt":{"rendered":"<p>M\u00fcnchen: Verbraucherschutzministerin Merk: &#8222;Es gibt mittlerweile sehr gute Alternativen zu herk\u00f6mmlichen Gl\u00fchlampen &nbsp; Nach dem Verbot herk\u00f6mmlicher Gl\u00fchlampen im September 2012 muss sich der Verbraucher u.a. mit LED-Lampen, Kompaktleuchtstofflampen und Halogengl\u00fchlampen auseinandersetzen &#8211; und die Beratung in den Gesch\u00e4ften hilft manchmal nicht viel weiter. Bayerns Staatsministerin f\u00fcr Verbraucherschutz Dr. Beate Merk dazu: &#8222;Energiesparlampen und LED [&hellip;]<\/p>\n","protected":false},"author":7,"featured_media":4797,"comment_status":"open","ping_status":"open","sticky":false,"template":"","format":"standard","meta":{"footnotes":""},"categories":[78,383,71],"tags":[1081],"class_list":["post-4888","post","type-post","status-publish","format-standard","has-post-thumbnail","hentry","category-bayern","category-energie","category-menue","tag-gluhbirnen"],"_links":{"self":[{"href":"https:\/\/www.frankensicht.de\/index.php?rest_route=\/wp\/v2\/posts\/4888","targetHints":{"allow":["GET"]}}],"collection":[{"href":"https:\/\/www.frankensicht.de\/index.php?rest_route=\/wp\/v2\/posts"}],"about":[{"href":"https:\/\/www.frankensicht.de\/index.php?rest_route=\/wp\/v2\/types\/post"}],"author":[{"embeddable":true,"href":"https:\/\/www.frankensicht.de\/index.php?rest_route=\/wp\/v2\/users\/7"}],"replies":[{"embeddable":true,"href":"https:\/\/www.frankensicht.de\/index.php?rest_route=%2Fwp%2Fv2%2Fcomments&post=4888"}],"version-history":[{"count":0,"href":"https:\/\/www.frankensicht.de\/index.php?rest_route=\/wp\/v2\/posts\/4888\/revisions"}],"wp:featuredmedia":[{"embeddable":true,"href":"https:\/\/www.frankensicht.de\/index.php?rest_route=\/wp\/v2\/media\/4797"}],"wp:attachment":[{"href":"https:\/\/www.frankensicht.de\/index.php?rest_route=%2Fwp%2Fv2%2Fmedia&parent=4888"}],"wp:term":[{"taxonomy":"category","embeddable":true,"href":"https:\/\/www.frankensicht.de\/index.php?rest_route=%2Fwp%2Fv2%2Fcategories&post=4888"},{"taxonomy":"post_tag","embeddable":true,"href":"https:\/\/www.frankensicht.de\/index.php?rest_route=%2Fwp%2Fv2%2Ftags&post=4888"}],"curies":[{"name":"wp","href":"https:\/\/api.w.org\/{rel}","templated":true}]}}