{"id":4794,"date":"2012-12-31T08:16:38","date_gmt":"2012-12-31T07:16:38","guid":{"rendered":"http:\/\/www.frankensicht.de\/?p=4794"},"modified":"2012-12-31T08:16:38","modified_gmt":"2012-12-31T07:16:38","slug":"bayern-und-baden-wurttemberg-sollen-modellregion-fur-intelligente-stromnachfrage-werden","status":"publish","type":"post","link":"https:\/\/www.frankensicht.de\/?p=4794","title":{"rendered":"Bayern und Baden-W\u00fcrttemberg sollen Modellregion f\u00fcr intelligente Stromnachfrage werden"},"content":{"rendered":"<p><span style=\"color: #ff0000;\">Stuttgart-M\u00fcnchen:<\/span><br \/>\nGemeinsame Studie mit Agora Energiewende untersucht, wie Gro\u00dfverbraucher Nachfrage gezielt verschieben k\u00f6nnen<\/p>\n<p class=\"text\"><strong>Bayern,<br \/>\nBaden-W\u00fcrttemberg, Agora Energiewende<\/strong><\/p>\n<p>Wie<br \/>\nl\u00e4sst sich die hohe Versorgungssicherheit in S\u00fcddeutschland<br \/>\nauch in Zukunft sicherstellen? Und welchen Beitrag<br \/>\nk\u00f6nnen Industrie und Gewerbe mit der gezielten Steuerung<br \/>\nihres Verbrauchs dazu leisten? In enger Zusammenarbeit<br \/>\nmit dem Ministerium f\u00fcr Umwelt, Klima und Energiewirtschaft<br \/>\nBaden-W\u00fcrttemberg und dem Bayerischen Staatsministerium<br \/>\nf\u00fcr Umwelt und Gesundheit wird dazu von der Agora<br \/>\nEnergiewende eine Studie erstellt. Im Zentrum der Studie<br \/>\nsteht das sogenannte Lastmanagement: Hierbei steuern<br \/>\nGro\u00dfverbraucher ihren Strombedarf so, dass Nachfrage<br \/>\nund Stromerzeugung im Einklang sind.<\/p>\n<p><a href=\"https:\/\/www.frankensicht.de\/?attachment_id=4796\" rel=\"attachment wp-att-4796\"><img loading=\"lazy\" decoding=\"async\" class=\"alignnone size-full wp-image-4796\" alt=\"steckdose\" src=\"https:\/\/www.frankensicht.de\/wp-content\/uploads\/2012\/12\/steckdose1.jpg\" width=\"640\" height=\"480\" srcset=\"https:\/\/www.frankensicht.de\/wp-content\/uploads\/2012\/12\/steckdose1.jpg 640w, https:\/\/www.frankensicht.de\/wp-content\/uploads\/2012\/12\/steckdose1-300x225.jpg 300w\" sizes=\"auto, (max-width: 640px) 100vw, 640px\" \/><\/a><\/p>\n<p>&#8222;Neben<br \/>\nReservekapazit\u00e4ten und dem Stromnetzausbau ist ein<br \/>\nkluges Lastmanagement ein weiterer Schl\u00fcssel f\u00fcr<br \/>\ndie Gew\u00e4hrleistung der Versorgungssicherheit&#8220;, erkl\u00e4rten<br \/>\ndie Umweltminister Dr. Marcel Huber (Bayern) und Franz<br \/>\nUntersteller (Baden-W\u00fcrttemberg) sowie Rainer Baake,<br \/>\nDirektor von Agora Energiewende. &#8222;Wir wollen, dass<br \/>\nes attraktiv wird, Strom vor allem dann zu verbrauchen,<br \/>\nwenn Sonne und Wind ihn reichlich liefern. Und wir<br \/>\nwollen daf\u00fcr das Bewusstsein und die Voraussetzungen<br \/>\nschaffen. Deshalb untersuchen wir jetzt ganz konkret,<br \/>\nob und wie das zu den Prozessen in Industrie und Gewerbe<br \/>\npassen k\u00f6nnte. Wir sehen im Lastmanagement ein gro\u00dfes<br \/>\nPotenzial \u2013 mit den richtigen Anreizen kann das f\u00fcr<br \/>\neinzelne Unternehmen und f\u00fcr die ganze Volkswirtschaft<br \/>\nein Gewinn sein. S\u00fcddeutschland soll zur Modellregion<br \/>\nf\u00fcr intelligente Stromversorgung werden&#8220;, so die drei<br \/>\nInitiatoren.<\/p>\n<p>Der Atomausstieg sowie der z\u00fcgige<br \/>\nAusbau der erneuerbaren Energien f\u00fchren zu einem sinkenden<br \/>\nAnteil der Stromerzeugung aus fossilen Kraftwerken.<br \/>\nIm bestehenden Energiemarkt k\u00f6nnte dies in absehbarer<br \/>\nZukunft in S\u00fcddeutschland an einigen Stunden bzw.<br \/>\nTagen im Jahr zu einer angespannten Versorgungslage<br \/>\nf\u00fchren. Der steigende Anteil der erneuerbaren Energien<br \/>\nbedeute zugleich, dass die Stromerzeugung k\u00fcnftig<br \/>\nst\u00e4rker schwanke. Das Ziel m\u00fcsse deshalb lauten,<br \/>\nStromerzeugung und Nachfrage effizienter als derzeit<br \/>\nzu synchronisieren, erl\u00e4uterten die beiden Minister<br \/>\nund der Agora-Direktor. Neben ausreichend flexiblen<br \/>\nkonventionellen Kraftwerken und Speichern k\u00f6nne das<br \/>\nLastmanagement dazu beitragen. Die bisherigen Anreize<br \/>\nim System setzten vor allem auf der Angebotsseite an:<br \/>\nBei Bedarfsspitzen soll es sich f\u00fcr Kraftwerksbetreiber<br \/>\nlohnen, zus\u00e4tzliche Reserveleistung bereitzustellen.<br \/>\nDoch auch Stromverbraucher k\u00f6nnten davon profitieren:<br \/>\nBei passenden Anreizen k\u00f6nne es attraktiv werden,<br \/>\ndie Produktion nicht gerade dann hochzufahren, wenn<br \/>\nsich das Stromsystem ohnehin schon an der Belastungsgrenze<br \/>\nbewege, sondern diese Lasten zeitlich zu verschieben.<br \/>\nAuch f\u00fcr Privathaushalte k\u00f6nnte dieser Weg vorteilhaft<br \/>\nsein: so ist beispielsweise eine Nutzung elektrischer<br \/>\nGer\u00e4te wie Waschmaschine oder Trockner gesteuert durch<br \/>\nZeitschaltuhren ebenfalls zu Tageszeiten denkbar, in<br \/>\ndenen ausreichend erneuerbare Energien zur Verf\u00fcgung<br \/>\nstehen.<\/p>\n<p>Um das Potenzial einer guten Nachfragesteuerung<br \/>\nz\u00fcgig zu erschlie\u00dfen, sollen die Ergebnisse der Untersuchung<br \/>\nschon im Sommer 2013 vorliegen. Mit der Ausarbeitung<br \/>\nder Studie beauftragt wurden zwei renommierte wissenschaftliche<br \/>\nInstitutionen: Das Fraunhofer Institut f\u00fcr System-<br \/>\nund Innovationsforschung in Karlsruhe und die Forschungsgesellschaft<br \/>\nf\u00fcr Energiewirtschaf mbH in M\u00fcnchen.<\/p>\n","protected":false},"excerpt":{"rendered":"<p>Stuttgart-M\u00fcnchen: Gemeinsame Studie mit Agora Energiewende untersucht, wie Gro\u00dfverbraucher Nachfrage gezielt verschieben k\u00f6nnen Bayern, Baden-W\u00fcrttemberg, Agora Energiewende Wie l\u00e4sst sich die hohe Versorgungssicherheit in S\u00fcddeutschland auch in Zukunft sicherstellen? Und welchen Beitrag k\u00f6nnen Industrie und Gewerbe mit der gezielten Steuerung ihres Verbrauchs dazu leisten? In enger Zusammenarbeit mit dem Ministerium f\u00fcr Umwelt, Klima und Energiewirtschaft [&hellip;]<\/p>\n","protected":false},"author":7,"featured_media":4796,"comment_status":"open","ping_status":"open","sticky":false,"template":"","format":"standard","meta":{"footnotes":""},"categories":[383,3],"tags":[445],"class_list":["post-4794","post","type-post","status-publish","format-standard","has-post-thumbnail","hentry","category-energie","category-news","tag-energiewende"],"_links":{"self":[{"href":"https:\/\/www.frankensicht.de\/index.php?rest_route=\/wp\/v2\/posts\/4794","targetHints":{"allow":["GET"]}}],"collection":[{"href":"https:\/\/www.frankensicht.de\/index.php?rest_route=\/wp\/v2\/posts"}],"about":[{"href":"https:\/\/www.frankensicht.de\/index.php?rest_route=\/wp\/v2\/types\/post"}],"author":[{"embeddable":true,"href":"https:\/\/www.frankensicht.de\/index.php?rest_route=\/wp\/v2\/users\/7"}],"replies":[{"embeddable":true,"href":"https:\/\/www.frankensicht.de\/index.php?rest_route=%2Fwp%2Fv2%2Fcomments&post=4794"}],"version-history":[{"count":0,"href":"https:\/\/www.frankensicht.de\/index.php?rest_route=\/wp\/v2\/posts\/4794\/revisions"}],"wp:featuredmedia":[{"embeddable":true,"href":"https:\/\/www.frankensicht.de\/index.php?rest_route=\/wp\/v2\/media\/4796"}],"wp:attachment":[{"href":"https:\/\/www.frankensicht.de\/index.php?rest_route=%2Fwp%2Fv2%2Fmedia&parent=4794"}],"wp:term":[{"taxonomy":"category","embeddable":true,"href":"https:\/\/www.frankensicht.de\/index.php?rest_route=%2Fwp%2Fv2%2Fcategories&post=4794"},{"taxonomy":"post_tag","embeddable":true,"href":"https:\/\/www.frankensicht.de\/index.php?rest_route=%2Fwp%2Fv2%2Ftags&post=4794"}],"curies":[{"name":"wp","href":"https:\/\/api.w.org\/{rel}","templated":true}]}}