{"id":4617,"date":"2012-11-16T17:52:59","date_gmt":"2012-11-16T16:52:59","guid":{"rendered":"http:\/\/www.frankensicht.de\/?p=4617"},"modified":"2012-11-16T17:52:59","modified_gmt":"2012-11-16T16:52:59","slug":"stalking","status":"publish","type":"post","link":"https:\/\/www.frankensicht.de\/?p=4617","title":{"rendered":"Stalking"},"content":{"rendered":"<p><span style=\"color: #ff0000;\">M\u00fcnchen &#8211; Berlin:<\/span><br \/>\nJustizministerkonferenz will besseren Schutz von Stalking-Opfern<\/p>\n<p>Merk: &#8222;Eine entscheidende Etappe im Kampf gegen Stalker!&#8220;<\/p>\n<p>Die Justizministerkonferenz setzt sich auf Initiative<br \/>\nder Bayerischen Justizministerin Dr. Beate Merk f\u00fcr<br \/>\neinen besseren Schutz von Stalking-Opfern ein.<\/p>\n<p><a href=\"https:\/\/www.frankensicht.de\/?attachment_id=4618\" rel=\"attachment wp-att-4618\"><img loading=\"lazy\" decoding=\"async\" class=\"alignnone size-medium wp-image-4618\" title=\"stalking\" src=\"https:\/\/www.frankensicht.de\/wp-content\/uploads\/2012\/11\/stalking-300x187.jpg\" alt=\"\" width=\"300\" height=\"187\" srcset=\"https:\/\/www.frankensicht.de\/wp-content\/uploads\/2012\/11\/stalking-300x187.jpg 300w, https:\/\/www.frankensicht.de\/wp-content\/uploads\/2012\/11\/stalking.jpg 640w\" sizes=\"auto, (max-width: 300px) 100vw, 300px\" \/><\/a><\/p>\n<p>Derzeit<br \/>\nmacht sich wegen Stalkings nur derjenige strafbar,<br \/>\nder durch ein beharrliches Nachstellen die Lebensgestaltung<br \/>\nseines Opfers schwerwiegend beeintr\u00e4chtigt. Das f\u00fchrt<br \/>\ndazu, dass gerade Opfern von Stalking-Attacken, die<br \/>\nsich nach au\u00dfen unbeeindruckt zeigen, um St\u00e4rke zu<br \/>\ndemonstrieren, und weiter so leben wie bisher, kaum<br \/>\ngeholfen werden kann. Das soll sich mit dem Beschluss<br \/>\nder Justizministerkonferenz in Zukunft \u00e4ndern.<\/p>\n<p>&nbsp;<\/p>\n<p>Bayerns<br \/>\nJustizministerin Dr. Beate Merk setzt sich seit langem<br \/>\ndaf\u00fcr ein, dass k\u00fcnftig auch solche Opfer gesch\u00fctzt<br \/>\nwerden, die nach au\u00dfen St\u00e4rke zeigen. &#8222;Dazu muss<br \/>\nes f\u00fcr eine Strafbarkeit ausreichen, wenn die Attacken<br \/>\neines Stalkers geeignet sind, die Lebensf\u00fchrung des<br \/>\nOpfers zu beeintr\u00e4chtigen&#8220;, so Merk. W\u00e4hrend der<br \/>\nMinisterin im Vorfeld der Konferenz entgegen gehalten<br \/>\nwurde, ein solcher Straftatbestand erfasse auch Verhaltensweisen,<br \/>\ndie nicht strafw\u00fcrdig seien, hat sich ihre Ansicht<br \/>\nnun mit gro\u00dfer Mehrheit durchgesetzt. &#8222;Da der Straftatbestand<br \/>\nauch in Zukunft ein unbefugtes beharrliches Nachstellen<br \/>\nverlangt, werden die Gerichte weiterhin klar zwischen<br \/>\nstrafw\u00fcrdigen und nicht strafw\u00fcrdigem Verhalten trennen<br \/>\nk\u00f6nnen&#8220; so Merk.<\/p>\n<p>&nbsp;<\/p>\n<p>Merk abschlie\u00dfend:<br \/>\n&#8222;Das ist eine ganz entscheidende Etappe, um Stalkern<br \/>\nbesser Einhalt gebieten zu k\u00f6nnen. Auf diesem Weg<br \/>\ngehen wir weiter!&#8220;<\/p>\n<p>&nbsp;<\/p>\n<p><strong><span style=\"text-decoration: underline;\">Der<br \/>\nBeschluss der Justizministerkonferenz im Wortlaut:<br \/>\n<\/span><\/strong><\/p>\n<p>&nbsp;<\/p>\n<p>1.\u00a0\u00a0\u00a0 Die Justizministerinnen<br \/>\nund Justizminister stellen fest, dass der 2007 geschaffene<br \/>\nStraftatbestand der \u201eNachstellung&#8220; (\u00a7 238 StGB)<br \/>\nnicht alle strafw\u00fcrdigen F\u00e4lle erfasst. Nach Erfahrungen<br \/>\nder Praxis wird eine Verurteilung in strafw\u00fcrdigen<br \/>\nF\u00e4llen vielfach durch das Erfordernis der Verursachung<br \/>\neiner schwerwiegenden Beeintr\u00e4chtigung der Lebensgestaltung<br \/>\ndes Opfers ausgeschlossen. Die Strafbarkeit h\u00e4ngt<br \/>\naufgrund dieses Tatbestandsmerkmals nicht von der tats\u00e4chlich<br \/>\nbewirkten Beeintr\u00e4chtigung des Opfers ab, sondern<br \/>\nallein von der Art und Weise, in der das Opfer ihr<br \/>\nzu entgehen versucht.<\/p>\n<p>&nbsp;<\/p>\n<p>2.\u00a0\u00a0\u00a0 Die<br \/>\nJustizministerinnen und Justizminister sehen daher<br \/>\ngesetzgeberischen Handlungsbedarf. Sie sprechen sich<br \/>\ndaf\u00fcr aus, \u00a7 238 Abs. 1 StGB von einem Erfolgsdelikt<br \/>\nin ein Eignungsdelikt umzugestalten: Entscheidend f\u00fcr<br \/>\ndie Strafbarkeit darf nicht l\u00e4nger sein, ob die Tat<br \/>\neine schwerwiegende Beeintr\u00e4chtigung der Lebensgestaltung<br \/>\ndes Opfers verursacht hat. Es muss ausreichen, wenn<br \/>\nsie geeignet ist, eine solche Beeintr\u00e4chtigung herbeizuf\u00fchren.<\/p>\n<p>&nbsp;<\/p>\n<p>&nbsp;<\/p>\n<p>Quelle: stmj.bayern.de<\/p>\n","protected":false},"excerpt":{"rendered":"<p>M\u00fcnchen &#8211; Berlin: Justizministerkonferenz will besseren Schutz von Stalking-Opfern Merk: &#8222;Eine entscheidende Etappe im Kampf gegen Stalker!&#8220; Die Justizministerkonferenz setzt sich auf Initiative der Bayerischen Justizministerin Dr. Beate Merk f\u00fcr einen besseren Schutz von Stalking-Opfern ein. Derzeit macht sich wegen Stalkings nur derjenige strafbar, der durch ein beharrliches Nachstellen die Lebensgestaltung seines Opfers schwerwiegend beeintr\u00e4chtigt. [&hellip;]<\/p>\n","protected":false},"author":7,"featured_media":4618,"comment_status":"open","ping_status":"open","sticky":false,"template":"","format":"standard","meta":{"footnotes":""},"categories":[44,3],"tags":[542],"class_list":["post-4617","post","type-post","status-publish","format-standard","has-post-thumbnail","hentry","category-deutschland-2","category-news","tag-stalking"],"_links":{"self":[{"href":"https:\/\/www.frankensicht.de\/index.php?rest_route=\/wp\/v2\/posts\/4617","targetHints":{"allow":["GET"]}}],"collection":[{"href":"https:\/\/www.frankensicht.de\/index.php?rest_route=\/wp\/v2\/posts"}],"about":[{"href":"https:\/\/www.frankensicht.de\/index.php?rest_route=\/wp\/v2\/types\/post"}],"author":[{"embeddable":true,"href":"https:\/\/www.frankensicht.de\/index.php?rest_route=\/wp\/v2\/users\/7"}],"replies":[{"embeddable":true,"href":"https:\/\/www.frankensicht.de\/index.php?rest_route=%2Fwp%2Fv2%2Fcomments&post=4617"}],"version-history":[{"count":0,"href":"https:\/\/www.frankensicht.de\/index.php?rest_route=\/wp\/v2\/posts\/4617\/revisions"}],"wp:featuredmedia":[{"embeddable":true,"href":"https:\/\/www.frankensicht.de\/index.php?rest_route=\/wp\/v2\/media\/4618"}],"wp:attachment":[{"href":"https:\/\/www.frankensicht.de\/index.php?rest_route=%2Fwp%2Fv2%2Fmedia&parent=4617"}],"wp:term":[{"taxonomy":"category","embeddable":true,"href":"https:\/\/www.frankensicht.de\/index.php?rest_route=%2Fwp%2Fv2%2Fcategories&post=4617"},{"taxonomy":"post_tag","embeddable":true,"href":"https:\/\/www.frankensicht.de\/index.php?rest_route=%2Fwp%2Fv2%2Ftags&post=4617"}],"curies":[{"name":"wp","href":"https:\/\/api.w.org\/{rel}","templated":true}]}}