{"id":4593,"date":"2012-11-11T11:01:18","date_gmt":"2012-11-11T10:01:18","guid":{"rendered":"http:\/\/www.frankensicht.de\/?p=4593"},"modified":"2012-11-11T11:01:18","modified_gmt":"2012-11-11T10:01:18","slug":"9-950-asylantrage-im-oktober-2012","status":"publish","type":"post","link":"https:\/\/www.frankensicht.de\/?p=4593","title":{"rendered":"9.950 Asylantr\u00e4ge im Oktober 2012"},"content":{"rendered":"<p><span style=\"color: #ff0000;\">Berlin:<\/span><\/p>\n<p>Im Oktober 2012 wurden beim Bundesamt f\u00fcr Migration und Fl\u00fcchtlinge 9.950 Asylerstantr\u00e4ge gestellt. Die Zahl der Asylbewerber stieg im Vergleich zum Vormonat um 3.259 Personen (48,7 Prozent). Mehr als zwei Drittel dieses Anstiegs ist auf die weiterhin zunehmende Zahl von Asylbewerbern aus Serbien, Mazedonien, Bosnien und Herzegowina und aus dem Kosovo zur\u00fcckzuf\u00fchren.<\/p>\n<p>Im Vergleich zum Vorjahresmonat Oktober 2011 stieg die Zahl der Asylbewerber um 5.844 Personen (142,3 Prozent).<\/p>\n<p>505 Personen erhielten im Oktober 2012 die Rechtsstellung eines Fl\u00fcchtlings nach der Genfer Konvention (8,1 Prozent aller Asylentscheidungen). Serbische, mazedonische, bosnische oder kosovarische Staatsangeh\u00f6rige waren nicht darunter.<\/p>\n<p>Zudem erhielten 321 Personen (5,2 Prozent) sogenannten &#8222;subsidi\u00e4ren Schutz&#8220; (Abschiebungsverbote gem\u00e4\u00df \u00a7 60 <abbr title=\"Absatz\">Abs.<\/abbr> 2, 3, 5 und 7 des Aufenthaltsgesetzes).<\/p>\n<p><a href=\"https:\/\/www.frankensicht.de\/?attachment_id=1457\" rel=\"attachment wp-att-1457\"><img loading=\"lazy\" decoding=\"async\" class=\"alignnone size-full wp-image-1457\" title=\"StatPressCN \u2039 frankensicht.de \u2014 WordPress_1336737358340\" src=\"https:\/\/www.frankensicht.de\/wp-content\/uploads\/2012\/05\/StatPressCN-\u2039-frankensicht.de-\u2014-WordPress_1336737358340.jpeg\" alt=\"\" width=\"235\" height=\"119\" \/><\/a><\/p>\n<p>&nbsp;<\/p>\n<p>Die Zahlen im Einzelnen:<\/p>\n<p>I. Aktueller Monat<\/p>\n<p>Beim Bundesamt f\u00fcr Migration und Fl\u00fcchtlinge haben im Oktober 2012 9.950 Personen (Vormonat 6.691 Personen) Asyl beantragt. Damit ist die Zahl der Asylbewerber gegen\u00fcber dem Vormonat um 3.259 Personen (48,7 Prozent) und gegen\u00fcber dem Vorjahresmonat um 5.844 Personen (142,3 Prozent) gestiegen.<\/p>\n<p>Hauptherkunftsl\u00e4nder im <strong>Oktober<\/strong> 2012 waren:<\/p>\n<p class=\"center MsoNormal\">Zum Vergleich<\/p>\n<table class=\"MsoNormalTable\">\n<colgroup> <\/colgroup>\n<thead>\n<tr>\n<th class=\"left\" rowspan=\"1\" colspan=\"1\"><abbr title=\"Nummer\">Nr.<\/abbr><\/th>\n<th class=\"left\" rowspan=\"1\" colspan=\"1\">Land<\/th>\n<th rowspan=\"1\" colspan=\"1\">August<\/th>\n<th rowspan=\"1\" colspan=\"1\">September<\/th>\n<th rowspan=\"1\" colspan=\"1\">Oktober<\/th>\n<\/tr>\n<\/thead>\n<tbody>\n<tr>\n<td class=\"MsoNormal\" rowspan=\"1\" colspan=\"1\" valign=\"top\">\u00a01.<\/td>\n<td rowspan=\"1\" colspan=\"1\" valign=\"top\">Serbien<\/td>\n<td rowspan=\"1\" colspan=\"1\" valign=\"top\">496<\/td>\n<td rowspan=\"1\" colspan=\"1\" valign=\"top\">1.395<\/td>\n<td rowspan=\"1\" colspan=\"1\" valign=\"top\">2.673<\/td>\n<\/tr>\n<tr>\n<td class=\"MsoNormal\" rowspan=\"1\" colspan=\"1\" valign=\"top\">\u00a02.<\/td>\n<td rowspan=\"1\" colspan=\"1\" valign=\"top\">Mazedonien<\/td>\n<td rowspan=\"1\" colspan=\"1\" valign=\"top\">620<\/td>\n<td rowspan=\"1\" colspan=\"1\" valign=\"top\">1.040<\/td>\n<td rowspan=\"1\" colspan=\"1\" valign=\"top\">1.351<\/td>\n<\/tr>\n<tr>\n<td class=\"MsoNormal\" rowspan=\"1\" colspan=\"1\" valign=\"top\">\u00a03.<\/td>\n<td rowspan=\"1\" colspan=\"1\" valign=\"top\">Syrien<\/td>\n<td rowspan=\"1\" colspan=\"1\" valign=\"top\">680<\/td>\n<td rowspan=\"1\" colspan=\"1\" valign=\"top\">745<\/td>\n<td rowspan=\"1\" colspan=\"1\" valign=\"top\">879<\/td>\n<\/tr>\n<tr>\n<td class=\"MsoNormal\" rowspan=\"1\" colspan=\"1\" valign=\"top\">\u00a04.<\/td>\n<td rowspan=\"1\" colspan=\"1\" valign=\"top\">Afghanistan<\/td>\n<td rowspan=\"1\" colspan=\"1\" valign=\"top\">609<\/td>\n<td rowspan=\"1\" colspan=\"1\" valign=\"top\">563<\/td>\n<td rowspan=\"1\" colspan=\"1\" valign=\"top\">685<\/td>\n<\/tr>\n<tr>\n<td class=\"MsoNormal\" rowspan=\"1\" colspan=\"1\" valign=\"top\">\u00a05.<\/td>\n<td rowspan=\"1\" colspan=\"1\" valign=\"top\">Bosnien und Herzegowina<\/td>\n<td rowspan=\"1\" colspan=\"1\" valign=\"top\">109<\/td>\n<td rowspan=\"1\" colspan=\"1\" valign=\"top\">214<\/td>\n<td rowspan=\"1\" colspan=\"1\" valign=\"top\">630<\/td>\n<\/tr>\n<tr>\n<td class=\"MsoNormal\" rowspan=\"1\" colspan=\"1\" valign=\"top\">\u00a06.<\/td>\n<td rowspan=\"1\" colspan=\"1\" valign=\"top\">Irak<\/td>\n<td rowspan=\"1\" colspan=\"1\" valign=\"top\">406<\/td>\n<td rowspan=\"1\" colspan=\"1\" valign=\"top\">348<\/td>\n<td rowspan=\"1\" colspan=\"1\" valign=\"top\">472<\/td>\n<\/tr>\n<tr>\n<td class=\"MsoNormal\" rowspan=\"1\" colspan=\"1\" valign=\"top\">\u00a07.<\/td>\n<td rowspan=\"1\" colspan=\"1\" valign=\"top\">Iran<\/td>\n<td rowspan=\"1\" colspan=\"1\" valign=\"top\">412<\/td>\n<td rowspan=\"1\" colspan=\"1\" valign=\"top\">406<\/td>\n<td rowspan=\"1\" colspan=\"1\" valign=\"top\">446<\/td>\n<\/tr>\n<tr>\n<td class=\"MsoNormal\" rowspan=\"1\" colspan=\"1\" valign=\"top\">\u00a08.<\/td>\n<td rowspan=\"1\" colspan=\"1\" valign=\"top\">Pakistan<\/td>\n<td rowspan=\"1\" colspan=\"1\" valign=\"top\">291<\/td>\n<td rowspan=\"1\" colspan=\"1\" valign=\"top\">283<\/td>\n<td rowspan=\"1\" colspan=\"1\" valign=\"top\">365<\/td>\n<\/tr>\n<tr>\n<td class=\"MsoNormal\" rowspan=\"1\" colspan=\"1\" valign=\"top\">\u00a09.<\/td>\n<td rowspan=\"1\" colspan=\"1\" valign=\"top\">Kosovo<\/td>\n<td rowspan=\"1\" colspan=\"1\" valign=\"top\">137<\/td>\n<td rowspan=\"1\" colspan=\"1\" valign=\"top\">150<\/td>\n<td rowspan=\"1\" colspan=\"1\" valign=\"top\">344<\/td>\n<\/tr>\n<tr>\n<td class=\"MsoNormal\" rowspan=\"1\" colspan=\"1\" valign=\"top\">10.<\/td>\n<td rowspan=\"1\" colspan=\"1\" valign=\"top\">Russ. F\u00f6deration<\/td>\n<td rowspan=\"1\" colspan=\"1\" valign=\"top\">188<\/td>\n<td rowspan=\"1\" colspan=\"1\" valign=\"top\">283<\/td>\n<td rowspan=\"1\" colspan=\"1\" valign=\"top\">342<\/td>\n<\/tr>\n<\/tbody>\n<\/table>\n<p>Neben den 9.950 Erstantr\u00e4gen wurden im Oktober 2012 beim Bundesamt f\u00fcr Migration und Fl\u00fcchtlinge 2.237 Folgeantr\u00e4ge gestellt, darunter 1.165 von serbischen und 530 von mazedonischen Staatsangeh\u00f6rigen.<\/p>\n<p>Im Oktober 2012 hat das Bundesamt \u00fcber die Antr\u00e4ge von 6.209 Personen (Vormonat: 3.865) entschieden.<\/p>\n<p>Insgesamt 505 Personen (8,1 Prozent) wurde die Rechtsstellung eines Fl\u00fcchtlings nach dem Abkommen \u00fcber die Rechtsstellung der Fl\u00fcchtlinge vom 28. Juli 1951 (Genfer Fl\u00fcchtlingskonvention) zuerkannt. Darunter waren 41 Personen (0,6 Prozent), die als Asylberechtigte nach <abbr title=\"Artikel\">Art.<\/abbr> 16a des Grundgesetzes anerkannt wurden, sowie 464 Personen (7,5 Prozent), die Fl\u00fcchtlingsschutz nach \u00a7 3 des Asylverfahrensgesetzes <abbr title=\"in Verbindung mit\">i. V. m.<\/abbr> \u00a7 60 <abbr title=\"Absatz\">Abs.<\/abbr> 1 des Aufenthaltsgesetzes erhielten. Serbische oder mazedonische Staatsangeh\u00f6rige waren nicht darunter.<\/p>\n<p>Dar\u00fcber hinaus hat das Bundesamt im Oktober 2012 bei 321 Personen (5,2 Prozent) Abschiebungsverbote gem\u00e4\u00df \u00a7 60 <abbr title=\"Absatz\">Abs.<\/abbr> 2, 3, 5 und 7 des Aufenthaltsgesetzes (<abbr title=\"sogenannte\">sog.<\/abbr> subsidi\u00e4rer Schutz) festgestellt.<\/p>\n<p>Abgelehnt wurden die Antr\u00e4ge von 3.494 Personen (56,3 Prozent). Anderweitig erledigt (<abbr title=\"zum Beispiel\">z.B.<\/abbr> durch Verfahrenseinstellungen wegen R\u00fccknahme des Asylantrages) wurden die Antr\u00e4ge von 1.889 Personen (30,4 Prozent).<\/p>\n<p><strong>II. Laufendes Jahr<\/strong><\/p>\n<p>F\u00fcr den Zeitraum Januar bis Oktober 2012 ergeben sich folgende Zahlen:<\/p>\n<p>In der Zeit von Januar bis Oktober 2012 haben insgesamt 50.344 Personen in Deutschland Asyl beantragt. Gegen\u00fcber dem Vergleichszeitraum im Vorjahr (36.583 Personen) bedeutet dies eine Erh\u00f6hung um 13.761 Personen (37,6 Prozent).<\/p>\n<p>Damit haben im bisherigen Jahr 2012 bereits mehr Personen einen Asylantrag gestellt als im gesamten Vorjahr (2011: 45.741 Erstantr\u00e4ge)<\/p>\n<p>Die Hauptherkunftsl\u00e4nder in der Zeit von <strong>Januar bis Oktober 2012<\/strong>:<\/p>\n<table class=\"MsoNormalTable\">\n<colgroup> <\/colgroup>\n<tbody>\n<tr>\n<td class=\"MsoNormal\" rowspan=\"1\" colspan=\"1\" valign=\"top\">\u00a01.<\/td>\n<td rowspan=\"1\" colspan=\"1\" valign=\"top\">Serbien<\/td>\n<td rowspan=\"1\" colspan=\"1\" valign=\"top\">6.829<\/td>\n<\/tr>\n<tr>\n<td class=\"MsoNormal\" rowspan=\"1\" colspan=\"1\" valign=\"top\">\u00a02.<\/td>\n<td rowspan=\"1\" colspan=\"1\" valign=\"top\">Afghanistan<\/td>\n<td rowspan=\"1\" colspan=\"1\" valign=\"top\">6.096<\/td>\n<\/tr>\n<tr>\n<td class=\"MsoNormal\" rowspan=\"1\" colspan=\"1\" valign=\"top\">\u00a03.<\/td>\n<td rowspan=\"1\" colspan=\"1\" valign=\"top\">Syrien<\/td>\n<td rowspan=\"1\" colspan=\"1\" valign=\"top\">4.606<\/td>\n<\/tr>\n<tr>\n<td class=\"MsoNormal\" rowspan=\"1\" colspan=\"1\" valign=\"top\">\u00a04.<\/td>\n<td rowspan=\"1\" colspan=\"1\" valign=\"top\">Irak<\/td>\n<td rowspan=\"1\" colspan=\"1\" valign=\"top\">4.453<\/td>\n<\/tr>\n<tr>\n<td class=\"MsoNormal\" rowspan=\"1\" colspan=\"1\" valign=\"top\">\u00a05.<\/td>\n<td rowspan=\"1\" colspan=\"1\" valign=\"top\">Mazedonien<\/td>\n<td rowspan=\"1\" colspan=\"1\" valign=\"top\">3.946<\/td>\n<\/tr>\n<tr>\n<td class=\"MsoNormal\" rowspan=\"1\" colspan=\"1\" valign=\"top\">\u00a06.<\/td>\n<td rowspan=\"1\" colspan=\"1\" valign=\"top\">Iran<\/td>\n<td rowspan=\"1\" colspan=\"1\" valign=\"top\">3.433<\/td>\n<\/tr>\n<tr>\n<td class=\"MsoNormal\" rowspan=\"1\" colspan=\"1\" valign=\"top\">\u00a07.<\/td>\n<td rowspan=\"1\" colspan=\"1\" valign=\"top\">Pakistan<\/td>\n<td rowspan=\"1\" colspan=\"1\" valign=\"top\">2.750<\/td>\n<\/tr>\n<tr>\n<td class=\"MsoNormal\" rowspan=\"1\" colspan=\"1\" valign=\"top\">\u00a08.<\/td>\n<td rowspan=\"1\" colspan=\"1\" valign=\"top\">Russ. F\u00f6deration<\/td>\n<td rowspan=\"1\" colspan=\"1\" valign=\"top\">1.920<\/td>\n<\/tr>\n<tr>\n<td class=\"MsoNormal\" rowspan=\"1\" colspan=\"1\" valign=\"top\">\u00a09.<\/td>\n<td rowspan=\"1\" colspan=\"1\" valign=\"top\">Kosovo<\/td>\n<td rowspan=\"1\" colspan=\"1\" valign=\"top\">1.473<\/td>\n<\/tr>\n<tr>\n<td class=\"MsoNormal\" rowspan=\"1\" colspan=\"1\" valign=\"top\">10.<\/td>\n<td rowspan=\"1\" colspan=\"1\" valign=\"top\">Bosnien und Herzegowina<\/td>\n<td rowspan=\"1\" colspan=\"1\" valign=\"top\">1.191<\/td>\n<\/tr>\n<\/tbody>\n<\/table>\n<p>Neben den 50.344 Erstantr\u00e4gen wurden insgesamt 11.163 Folgeantr\u00e4ge gestellt.<\/p>\n<p>Im Zeitraum von Januar bis Oktober 2012 hat das Bundesamt 44.522 Entscheidungen (Vorjahr: 35.981) getroffen.<\/p>\n<p>Insgesamt 7.215 Personen (16,3 Prozent) wurde die Rechtsstellung eines Fl\u00fcchtlings nach dem Abkommen \u00fcber die Rechtsstellung der Fl\u00fcchtlinge vom 28. Juli 1951 (Genfer Fl\u00fcchtlingskonvention) zuerkannt. Darunter waren 565 Personen (1,3 Prozent), die als Asylberechtigte nach <abbr title=\"Artikel\">Art.<\/abbr> 16a des Grundgesetzes anerkannt wurden, sowie 6.670 Personen (15,0 Prozent), die Fl\u00fcchtlingsschutz nach \u00a7 3 des Asylverfahrensgesetzes <abbr title=\"in Verbindung mit\">i. V. m.<\/abbr> \u00a7 60 <abbr title=\"Absatz\">Abs.<\/abbr> 1 des Aufenthaltsgesetzes erhielten.<\/p>\n<p>Dar\u00fcber hinaus hat das Bundesamt von Januar bis Oktober 2012 bei 6.628 Personen (14,9 Prozent) Abschiebungsverbote gem\u00e4\u00df \u00a7 60 <abbr title=\"Absatz\">Abs.<\/abbr> 2, 3, 5 und 7 des Aufenthaltsgesetzes (<abbr title=\"sogenannte\">sog.<\/abbr> subsidi\u00e4rer Schutz) festgestellt.<\/p>\n<p>Abgelehnt wurden die Antr\u00e4ge von 20.435 Personen (45,9 Prozent). Anderweitig erledigt (<abbr title=\"zum Beispiel\">z.B.<\/abbr> durch Verfahrenseinstellungen wegen R\u00fccknahme des Asylantrages) wurden die Antr\u00e4ge von 10.224 Personen (22,9 Prozent).<\/p>\n<p>Die Zahl der Personen, \u00fcber deren Antr\u00e4ge noch nicht entschieden wurde, betrug Ende Oktober 2012 51.039, darunter 45.445 Erstantr\u00e4ge und 5.594 Folgeantr\u00e4ge (Vormonat: 44.766 anh\u00e4ngige Verfahren, 39.747 davon Erst- und 5.019 Folgeantr\u00e4ge).<\/p>\n<p>Quelle: bmi.de<\/p>\n<p>&nbsp;<\/p>\n<p>&nbsp;<\/p>\n","protected":false},"excerpt":{"rendered":"<p>Berlin: Im Oktober 2012 wurden beim Bundesamt f\u00fcr Migration und Fl\u00fcchtlinge 9.950 Asylerstantr\u00e4ge gestellt. Die Zahl der Asylbewerber stieg im Vergleich zum Vormonat um 3.259 Personen (48,7 Prozent). Mehr als zwei Drittel dieses Anstiegs ist auf die weiterhin zunehmende Zahl von Asylbewerbern aus Serbien, Mazedonien, Bosnien und Herzegowina und aus dem Kosovo zur\u00fcckzuf\u00fchren. Im Vergleich [&hellip;]<\/p>\n","protected":false},"author":7,"featured_media":1457,"comment_status":"open","ping_status":"open","sticky":false,"template":"","format":"standard","meta":{"footnotes":""},"categories":[44,3],"tags":[1020],"class_list":["post-4593","post","type-post","status-publish","format-standard","has-post-thumbnail","hentry","category-deutschland-2","category-news","tag-asyl-oktober"],"_links":{"self":[{"href":"https:\/\/www.frankensicht.de\/index.php?rest_route=\/wp\/v2\/posts\/4593","targetHints":{"allow":["GET"]}}],"collection":[{"href":"https:\/\/www.frankensicht.de\/index.php?rest_route=\/wp\/v2\/posts"}],"about":[{"href":"https:\/\/www.frankensicht.de\/index.php?rest_route=\/wp\/v2\/types\/post"}],"author":[{"embeddable":true,"href":"https:\/\/www.frankensicht.de\/index.php?rest_route=\/wp\/v2\/users\/7"}],"replies":[{"embeddable":true,"href":"https:\/\/www.frankensicht.de\/index.php?rest_route=%2Fwp%2Fv2%2Fcomments&post=4593"}],"version-history":[{"count":0,"href":"https:\/\/www.frankensicht.de\/index.php?rest_route=\/wp\/v2\/posts\/4593\/revisions"}],"wp:featuredmedia":[{"embeddable":true,"href":"https:\/\/www.frankensicht.de\/index.php?rest_route=\/wp\/v2\/media\/1457"}],"wp:attachment":[{"href":"https:\/\/www.frankensicht.de\/index.php?rest_route=%2Fwp%2Fv2%2Fmedia&parent=4593"}],"wp:term":[{"taxonomy":"category","embeddable":true,"href":"https:\/\/www.frankensicht.de\/index.php?rest_route=%2Fwp%2Fv2%2Fcategories&post=4593"},{"taxonomy":"post_tag","embeddable":true,"href":"https:\/\/www.frankensicht.de\/index.php?rest_route=%2Fwp%2Fv2%2Ftags&post=4593"}],"curies":[{"name":"wp","href":"https:\/\/api.w.org\/{rel}","templated":true}]}}