{"id":4476,"date":"2012-10-25T08:24:26","date_gmt":"2012-10-25T06:24:26","guid":{"rendered":"http:\/\/www.frankensicht.de\/?p=4476"},"modified":"2012-10-25T08:24:26","modified_gmt":"2012-10-25T06:24:26","slug":"friedenseinsatze-im-fokus-untergeneralsekretar-ladsous-in-berlin","status":"publish","type":"post","link":"https:\/\/www.frankensicht.de\/?p=4476","title":{"rendered":"Friedenseins\u00e4tze im Fokus: Untergeneralsekret\u00e4r Ladsous in Berlin"},"content":{"rendered":"<p><span style=\"color: #ff0000;\">Berlin:<\/span><\/p>\n<p>Stand 24.10.2012<\/p>\n<p>Syrien, S\u00fcdsudan, Haiti: die Vereinten Nationen sind weltweit als Krisenmanager gefragt. Auf<br \/>\nUN-Blauhelme, Polizisten und ziviles Personal kommen immer mehr Herausforderungen zu. Die Konflikte<br \/>\nwerden komplexer \u2013 die Instrumente vielf\u00e4ltiger und spezifischer. Dazu braucht die UN Partner \u2013 wie<br \/>\netwa die EU und ihre Mitgliedsstaaten.<br \/>\nHerv\u00e9 Ladsous, Untergeneralsekret\u00e4r der Vereinten Nationen f\u00fcr Peacekeeping, besucht nun erstmalig<br \/>\nBerlin, um im Rahmen des &#8222;Being A Peacekeeper Roundtable&#8220; hochrangige Vertreter aus 16 europ\u00e4ischen<br \/>\nL\u00e4ndern zu treffen. Im Fokus: Wie k\u00f6nnten m\u00f6gliche europ\u00e4ische Beitr\u00e4ge zu UN-Friedenseins\u00e4tzen<br \/>\nzuk\u00fcnftig aussehen?<br \/>\n<a href=\"https:\/\/www.frankensicht.de\/?attachment_id=2980\" rel=\"attachment wp-att-2980\"><img loading=\"lazy\" decoding=\"async\" class=\"alignnone size-full wp-image-2980\" title=\"europa\" src=\"https:\/\/www.frankensicht.de\/wp-content\/uploads\/2012\/06\/europa.png\" alt=\"\" width=\"200\" height=\"133\" \/><\/a><br \/>\nAus Anlass dieses Besuches veranstaltet das Zentrum f\u00fcr Internationale Friedenseins\u00e4tze (ZIF)<br \/>\ngemeinsam mit dem Ausw\u00e4rtigen Amt eine Podiumsdiskussion mit Herv\u00e9 Ladsous und Louise Fr\u00e9chette,<br \/>\nder ehemaligen stellvertretenden Generalsekret\u00e4rin der UN. Die Journalistin Andrea B\u00f6hm und Bernd<br \/>\nM\u00fctzelburg, ehemaliger Sondergesandter f\u00fcr Afghanistan\/Pakistan, moderieren die Veranstaltung mit<br \/>\ndem Titel &#8222;Keeping the Peace in the 21st Century: Challenges and Opportunities for Peace<br \/>\nOperations&#8220;. Im Mittelpunkt steht die Frage, wie sich die UN in Zukunft noch besser aufstellen und<br \/>\nvernetzen kann \u2013 gerade mit Blick auf aktuelle Krisenherde wie im Nahen Osten oder in Afrika.<br \/>\nDie Veranstaltung findet am Mittwoch, den 24. Oktober 2012, um 18:30 Uhr, im B\u00e4rensaal Berlin statt<br \/>\n(J\u00fcdenstr. 42, Berlin-Mitte). Ina Lepel, Beauftragte des Ausw\u00e4rtigen Amtes f\u00fcr Globale Fragen, wird<br \/>\nden Abend er\u00f6ffnen.<br \/>\nF\u00fcr mehr Informationen und zur Anmeldung wenden Sie sich bitte an Wanda Hummel, Zentrum f\u00fcr<br \/>\nInternationale Friedenseins\u00e4tze (ZIF); E-mail w.hummel[at]zif-berlin.org.<br \/>\nGemeinsame Pressemitteilung des Zentrums f\u00fcr Internationale Friedenseins\u00e4tze und des Ausw\u00e4rtigen<br \/>\nAmts.<\/p>\n<p>Quelle:auswaertiges-amt.de<\/p>\n<p>&nbsp;<\/p>\n","protected":false},"excerpt":{"rendered":"<p>Berlin: Stand 24.10.2012 Syrien, S\u00fcdsudan, Haiti: die Vereinten Nationen sind weltweit als Krisenmanager gefragt. Auf UN-Blauhelme, Polizisten und ziviles Personal kommen immer mehr Herausforderungen zu. Die Konflikte werden komplexer \u2013 die Instrumente vielf\u00e4ltiger und spezifischer. Dazu braucht die UN Partner \u2013 wie etwa die EU und ihre Mitgliedsstaaten. Herv\u00e9 Ladsous, Untergeneralsekret\u00e4r der Vereinten Nationen f\u00fcr [&hellip;]<\/p>\n","protected":false},"author":7,"featured_media":0,"comment_status":"open","ping_status":"open","sticky":false,"template":"","format":"standard","meta":{"footnotes":""},"categories":[3,17],"tags":[996],"class_list":["post-4476","post","type-post","status-publish","format-standard","hentry","category-news","category-politik","tag-friedenseinsaetze"],"_links":{"self":[{"href":"https:\/\/www.frankensicht.de\/index.php?rest_route=\/wp\/v2\/posts\/4476","targetHints":{"allow":["GET"]}}],"collection":[{"href":"https:\/\/www.frankensicht.de\/index.php?rest_route=\/wp\/v2\/posts"}],"about":[{"href":"https:\/\/www.frankensicht.de\/index.php?rest_route=\/wp\/v2\/types\/post"}],"author":[{"embeddable":true,"href":"https:\/\/www.frankensicht.de\/index.php?rest_route=\/wp\/v2\/users\/7"}],"replies":[{"embeddable":true,"href":"https:\/\/www.frankensicht.de\/index.php?rest_route=%2Fwp%2Fv2%2Fcomments&post=4476"}],"version-history":[{"count":0,"href":"https:\/\/www.frankensicht.de\/index.php?rest_route=\/wp\/v2\/posts\/4476\/revisions"}],"wp:attachment":[{"href":"https:\/\/www.frankensicht.de\/index.php?rest_route=%2Fwp%2Fv2%2Fmedia&parent=4476"}],"wp:term":[{"taxonomy":"category","embeddable":true,"href":"https:\/\/www.frankensicht.de\/index.php?rest_route=%2Fwp%2Fv2%2Fcategories&post=4476"},{"taxonomy":"post_tag","embeddable":true,"href":"https:\/\/www.frankensicht.de\/index.php?rest_route=%2Fwp%2Fv2%2Ftags&post=4476"}],"curies":[{"name":"wp","href":"https:\/\/api.w.org\/{rel}","templated":true}]}}