{"id":4310,"date":"2012-10-03T08:41:01","date_gmt":"2012-10-03T06:41:01","guid":{"rendered":"http:\/\/www.frankensicht.de\/?p=4310"},"modified":"2012-10-03T08:41:01","modified_gmt":"2012-10-03T06:41:01","slug":"bildung-nicht-dem-freien-markt-uberlassen","status":"publish","type":"post","link":"https:\/\/www.frankensicht.de\/?p=4310","title":{"rendered":"Bildung nicht dem freien Markt \u00fcberlassen"},"content":{"rendered":"<p><span style=\"color: #ff0000;\">Santiago:<\/span><\/p>\n<div>Bundesbildungsministerin trifft in Santiago den chilenischen Staatspr\u00e4sidenten Pinera \/ Enge Kooperation im Bergbau<\/div>\n<p>Bundesbildungsministerin Annette Schavan hat in Santiago de Chile die Verantwortung der Politik f\u00fcr ein gutes Bildungssystem betont. &#8222;Bildung ist ein \u00f6ffentliches Gut. Das regelt nicht der Markt, sondern es ist unsere politische Verantwortung, dass junge Menschen gute Chancen bekommen&#8220;, sagte sie anl\u00e4sslich der Unterzeichnung des WTZ-Abkommens, mit dem die wissenschaftliche Zusammenarbeit beider L\u00e4nder verst\u00e4rkt wird. Zuvor war Schavan mit dem chilenischen Pr\u00e4sidenten Sebastian Pinera zusammengetroffen. In Chile gibt es seit einiger Zeit immer wieder Proteste von Sch\u00fclern und Studenten. &#8222;Bei allen Kooperationsprojekten beider L\u00e4nder gehe es immer auch darum, junge Menschen zu f\u00f6rdern&#8220;, so Schavan. &#8222;Bildung ist der Schl\u00fcssel zur \u00dcberwindung von Armut und f\u00fcr die Zukunftschancen der jungen Generation. Wir brauchen ihre Talente, ihre Kreativit\u00e4t und ihre inspirierende Kraft.&#8220;<\/p>\n<p><a href=\"https:\/\/www.frankensicht.de\/?attachment_id=2831\" rel=\"attachment wp-att-2831\"><img loading=\"lazy\" decoding=\"async\" class=\"alignnone size-medium wp-image-2831\" title=\"schule\" src=\"https:\/\/www.frankensicht.de\/wp-content\/uploads\/2012\/06\/schule-300x187.jpg\" alt=\"\" width=\"300\" height=\"187\" srcset=\"https:\/\/www.frankensicht.de\/wp-content\/uploads\/2012\/06\/schule-300x187.jpg 300w, https:\/\/www.frankensicht.de\/wp-content\/uploads\/2012\/06\/schule.jpg 640w\" sizes=\"auto, (max-width: 300px) 100vw, 300px\" \/><\/a><\/p>\n<p>&nbsp;<\/p>\n<p>Einen Schwerpunkt von Schavans Chile-Reise bildet der Bergbau. Das Bundesministerium f\u00fcr Bildung und Forschung und das chilenische Bergbauministerium unterzeichneten eine gemeinsame Erkl\u00e4rung zur verst\u00e4rkten Zusammenarbeit. Die TU Bergakademie Freiberg und die Technische Fachhochschule Bochum wollen mit drei chilenischen Hochschulen ein Bergbau-Exzellenzzentrum aufbauen, an dem gemeinsam gelehrt und geforscht wird. Auch die Zusammenarbeit in der beruflichen Ausbildung von Bergleuten wird verst\u00e4rkt. &#8222;Wir arbeiten von nun an auch institutionell zusammen&#8220;, sagte Schavan. &#8222;Das ist eine neue Stufe in unseren Beziehungen.&#8220;<\/p>\n<p>Chiles Regierung will in den n\u00e4chsten acht Jahren 67 Milliarden US-Dollar in den Bergbausektor investieren. Schon jetzt zeichnet sich in diesem Bereich ein erheblicher Fachkr\u00e4ftemangel ab. Bei der deutsch-chilenischen Kooperation spielt auch das Thema Sicherheit eine Rolle. Am 5. August 2010 waren bei einem Grubenungl\u00fcck im chilenischen San Jose 33 Bergleute eingeschlossen worden, die in einer spektakul\u00e4ren Rettungsaktion im Oktober 2010 gerettet wurden.<\/p>\n<p>Quelle: bmbf.de<\/p>\n","protected":false},"excerpt":{"rendered":"<p>Santiago: Bundesbildungsministerin trifft in Santiago den chilenischen Staatspr\u00e4sidenten Pinera \/ Enge Kooperation im Bergbau Bundesbildungsministerin Annette Schavan hat in Santiago de Chile die Verantwortung der Politik f\u00fcr ein gutes Bildungssystem betont. &#8222;Bildung ist ein \u00f6ffentliches Gut. Das regelt nicht der Markt, sondern es ist unsere politische Verantwortung, dass junge Menschen gute Chancen bekommen&#8220;, sagte sie [&hellip;]<\/p>\n","protected":false},"author":7,"featured_media":2831,"comment_status":"open","ping_status":"open","sticky":false,"template":"","format":"standard","meta":{"footnotes":""},"categories":[3,17],"tags":[955],"class_list":["post-4310","post","type-post","status-publish","format-standard","has-post-thumbnail","hentry","category-news","category-politik","tag-bildung-2"],"_links":{"self":[{"href":"https:\/\/www.frankensicht.de\/index.php?rest_route=\/wp\/v2\/posts\/4310","targetHints":{"allow":["GET"]}}],"collection":[{"href":"https:\/\/www.frankensicht.de\/index.php?rest_route=\/wp\/v2\/posts"}],"about":[{"href":"https:\/\/www.frankensicht.de\/index.php?rest_route=\/wp\/v2\/types\/post"}],"author":[{"embeddable":true,"href":"https:\/\/www.frankensicht.de\/index.php?rest_route=\/wp\/v2\/users\/7"}],"replies":[{"embeddable":true,"href":"https:\/\/www.frankensicht.de\/index.php?rest_route=%2Fwp%2Fv2%2Fcomments&post=4310"}],"version-history":[{"count":0,"href":"https:\/\/www.frankensicht.de\/index.php?rest_route=\/wp\/v2\/posts\/4310\/revisions"}],"wp:featuredmedia":[{"embeddable":true,"href":"https:\/\/www.frankensicht.de\/index.php?rest_route=\/wp\/v2\/media\/2831"}],"wp:attachment":[{"href":"https:\/\/www.frankensicht.de\/index.php?rest_route=%2Fwp%2Fv2%2Fmedia&parent=4310"}],"wp:term":[{"taxonomy":"category","embeddable":true,"href":"https:\/\/www.frankensicht.de\/index.php?rest_route=%2Fwp%2Fv2%2Fcategories&post=4310"},{"taxonomy":"post_tag","embeddable":true,"href":"https:\/\/www.frankensicht.de\/index.php?rest_route=%2Fwp%2Fv2%2Ftags&post=4310"}],"curies":[{"name":"wp","href":"https:\/\/api.w.org\/{rel}","templated":true}]}}