{"id":4278,"date":"2012-09-27T12:17:03","date_gmt":"2012-09-27T10:17:03","guid":{"rendered":"http:\/\/www.frankensicht.de\/?p=4278"},"modified":"2012-09-27T12:17:03","modified_gmt":"2012-09-27T10:17:03","slug":"ideenwerkstatt-zur-behordennummer-115-in-koln-nimmt-die-zukunft-der-verwaltung-ins-visier","status":"publish","type":"post","link":"https:\/\/www.frankensicht.de\/?p=4278","title":{"rendered":"Ideenwerkstatt zur Beh\u00f6rdennummer 115 in K\u00f6ln nimmt die Zukunft der Verwaltung ins Visier"},"content":{"rendered":"<p><span style=\"color: #ff0000;\">K\u00f6ln:<\/span><\/p>\n<p>Heute treffen sich in K\u00f6ln \u00fcber 140 Teilnehmer aus dem \u00f6ffentlichen Sektor von Kommunen, L\u00e4ndern und Bund zur Ideenwerkstatt &#8222;Campus 115&#8220;, um gemeinsam den Ausbau der einheitlichen Beh\u00f6rdennummer 115 weiter voranzutreiben. Der Campus 115 ist keine Konferenz im \u00fcblichen Sinn, sondern ein offener Raum zum Austausch \u00fcber die strategische und operative Weiterentwicklung der 115 \u00fcber den telefonischen Kanal hinaus. Daneben wird sich der Campus mit Fragen befassen, die die Verwaltungsmodernisierung im Kern betreffen: Kann sich die \u00f6ffentliche Verwaltung auf strukturelle Herausforderungen wie Budgetknappheit und demografische Ver\u00e4nderungen vorbereiten? Welche Rolle spielt dabei die 115 f\u00fcr Qualit\u00e4tsverbesserungen und Effizienzerh\u00f6hungen?<\/p>\n<p>Hierzu erkl\u00e4rt die <abbr title=\"Informationstechnologie\">IT<\/abbr>-Beauftragte der Bundesregierung, Staatssekret\u00e4rin Cornelia Rogall-Grothe: <q>&#8222;Die Beh\u00f6rdennummer 115 ist inzwischen zu einem echten Markenzeichen f\u00fcr eine b\u00fcrgernahe Verwaltung geworden. Die Zusammenarbeit von Kommunen, L\u00e4ndern und Bund bei diesem Vorhaben ist wegweisend. Ich freue mich, dass der bew\u00e4hrte Erfahrungsaustausch zwischen allen Beteiligten heute durch den Campus 115 eine weitere, neue Plattform findet. Hier k\u00f6nnen wir unsere gemeinsame Vision von einer b\u00fcrgernahen und modernen Verwaltung weiter ausgestalten.&#8220;<\/q><\/p>\n<p><a href=\"https:\/\/www.frankensicht.de\/?attachment_id=3124\" rel=\"attachment wp-att-3124\"><img loading=\"lazy\" decoding=\"async\" class=\"alignnone size-medium wp-image-3124\" title=\"115\" src=\"https:\/\/www.frankensicht.de\/wp-content\/uploads\/2012\/07\/115-300x187.jpg\" alt=\"\" width=\"300\" height=\"187\" srcset=\"https:\/\/www.frankensicht.de\/wp-content\/uploads\/2012\/07\/115-300x187.jpg 300w, https:\/\/www.frankensicht.de\/wp-content\/uploads\/2012\/07\/115.jpg 640w\" sizes=\"auto, (max-width: 300px) 100vw, 300px\" \/><\/a><\/p>\n<p>Die Veranstaltung ist eine Initiative des Forschungsnetzwerkes <acronym title=\"Institut f\u00fcr Interdisziplin\u00e4re Studien zu Recht, Administration und Technologie e. V.\">ISPRAT<\/acronym> (Interdisziplin\u00e4re Studien zu Politik, Recht, Administration und Technologie), mit Unterst\u00fctzung der Stadt K\u00f6ln und des Bundesinnenministeriums.<\/p>\n<p>Matthias Kammer, Vorstandsvorsitzender von <acronym title=\"Institut f\u00fcr Interdisziplin\u00e4re Studien zu Recht, Administration und Technologie e. V.\">ISPRAT<\/acronym>, erkl\u00e4rt: <q>&#8222;Wer die Polizei braucht, w\u00e4hlt 110. Feuerwehr \u00fcber 112. Rufnummern, die jedes Kind kennt. So bekannt sollte auch die 115 werden. Sie unterst\u00fctzt die B\u00fcrger bei Verwaltungsanliegen. Au\u00dferdem kann sie als Kanal dienen, Ideen oder Beschwerden an die Verwaltung zu richten.&#8220;<\/q><\/p>\n<p>Die Stadt K\u00f6ln hat die Beh\u00f6rdennummer 115 zum Start des Pilotbetriebs 2009 eingef\u00fchrt. Guido Kahlen, Stadtdirektor der Stadt K\u00f6ln, erkl\u00e4rt hierzu: <q>&#8222;Die Stadt K\u00f6ln hat sich mit \u00dcberzeugung in 2009 dem 115-Pilotprojekt angeschlossen, weil die B\u00fcrgerinnen und B\u00fcrger einen einfachen und schnellen Draht zur Verwaltung wollen. Dieses Serviceangebot wird in K\u00f6ln seit Beginn dieser Woche um den neuesten 115-Service, der telefonischen Terminvereinbarung f\u00fcr den Besuch einer Meldehalle oder des Kundenzentrums Innenstadt, erweitert. Wir haben noch viel vor mit der 115, damit die Anliegen der B\u00fcrgerinnen und B\u00fcrger kompetent und vollst\u00e4ndig bearbeitet werden.&#8220;<\/q><\/p>\n<p>Rund 22 Millionen B\u00fcrgerinnen und B\u00fcrger haben bundesweit bereits Anschluss unter der 115, 282 Kommunen und 11 L\u00e4nder nehmen teil, seit 2011 ist auch die komplette Bundesverwaltung mit \u00fcber 80 Beh\u00f6rden angeschlossen. Dadurch erhalten die B\u00fcrgerinnen und B\u00fcrger in den teilnehmenden Regionen nicht nur Informationen zu den lokalen Leistungen, sondern auch zu Leistungen der L\u00e4nder und des Bundes wie <abbr title=\"zum Beispiel\">z.B.<\/abbr> der Praxisgeb\u00fchr, zum <acronym title=\"Bundesausbildungsf\u00f6rderungsgesetz\">BAf\u00f6G<\/acronym> oder zur Rente. Durch \u00c4nderungen bei den Tarifen ist die 115 jetzt noch kundenfreundlicher: Aus dem Festnetz und aus mehreren Mobilfunknetzen ist die 115 zum Ortstarif und damit kostenlos \u00fcber Flatrates erreichbar.<br \/>\nQuelle: bva.bund.de<\/p>\n","protected":false},"excerpt":{"rendered":"<p>K\u00f6ln: Heute treffen sich in K\u00f6ln \u00fcber 140 Teilnehmer aus dem \u00f6ffentlichen Sektor von Kommunen, L\u00e4ndern und Bund zur Ideenwerkstatt &#8222;Campus 115&#8220;, um gemeinsam den Ausbau der einheitlichen Beh\u00f6rdennummer 115 weiter voranzutreiben. Der Campus 115 ist keine Konferenz im \u00fcblichen Sinn, sondern ein offener Raum zum Austausch \u00fcber die strategische und operative Weiterentwicklung der 115 [&hellip;]<\/p>\n","protected":false},"author":7,"featured_media":3124,"comment_status":"open","ping_status":"open","sticky":false,"template":"","format":"standard","meta":{"footnotes":""},"categories":[44,3],"tags":[218,703],"class_list":["post-4278","post","type-post","status-publish","format-standard","has-post-thumbnail","hentry","category-deutschland-2","category-news","tag-218","tag-115-behordennummer"],"_links":{"self":[{"href":"https:\/\/www.frankensicht.de\/index.php?rest_route=\/wp\/v2\/posts\/4278","targetHints":{"allow":["GET"]}}],"collection":[{"href":"https:\/\/www.frankensicht.de\/index.php?rest_route=\/wp\/v2\/posts"}],"about":[{"href":"https:\/\/www.frankensicht.de\/index.php?rest_route=\/wp\/v2\/types\/post"}],"author":[{"embeddable":true,"href":"https:\/\/www.frankensicht.de\/index.php?rest_route=\/wp\/v2\/users\/7"}],"replies":[{"embeddable":true,"href":"https:\/\/www.frankensicht.de\/index.php?rest_route=%2Fwp%2Fv2%2Fcomments&post=4278"}],"version-history":[{"count":0,"href":"https:\/\/www.frankensicht.de\/index.php?rest_route=\/wp\/v2\/posts\/4278\/revisions"}],"wp:featuredmedia":[{"embeddable":true,"href":"https:\/\/www.frankensicht.de\/index.php?rest_route=\/wp\/v2\/media\/3124"}],"wp:attachment":[{"href":"https:\/\/www.frankensicht.de\/index.php?rest_route=%2Fwp%2Fv2%2Fmedia&parent=4278"}],"wp:term":[{"taxonomy":"category","embeddable":true,"href":"https:\/\/www.frankensicht.de\/index.php?rest_route=%2Fwp%2Fv2%2Fcategories&post=4278"},{"taxonomy":"post_tag","embeddable":true,"href":"https:\/\/www.frankensicht.de\/index.php?rest_route=%2Fwp%2Fv2%2Ftags&post=4278"}],"curies":[{"name":"wp","href":"https:\/\/api.w.org\/{rel}","templated":true}]}}