{"id":4194,"date":"2012-09-21T08:09:32","date_gmt":"2012-09-21T06:09:32","guid":{"rendered":"http:\/\/www.frankensicht.de\/?p=4194"},"modified":"2012-09-21T08:09:32","modified_gmt":"2012-09-21T06:09:32","slug":"bundesminister-aigner-und-niebel-vereinbaren-eckpunkte-fur-eine-enge-zusammenarbeit-bei-der-ernahrungssicherung","status":"publish","type":"post","link":"https:\/\/www.frankensicht.de\/?p=4194","title":{"rendered":"Bundesminister Aigner und Niebel vereinbaren Eckpunkte f\u00fcr eine enge Zusammenarbeit bei der Ern\u00e4hrungssicherung"},"content":{"rendered":"<p><span style=\"color: #ff0000;\">Berlin:<\/span><\/p>\n<p>Das Bundeslandwirtschafts- und das Bundesentwicklungsministerium haben ein Eckpunktepapier \u00fcber die Zusammenarbeit im Bereich Ern\u00e4hrungssicherung unterzeichnet. Dadurch soll das Engagement der Bundesregierung noch st\u00e4rker als bisher geb\u00fcndelt werden, um Landwirtschaft und l\u00e4ndliche R\u00e4ume in Entwicklungsl\u00e4ndern zu st\u00e4rken.<br \/>\n<a href=\"https:\/\/www.frankensicht.de\/?attachment_id=2889\" rel=\"attachment wp-att-2889\"><img loading=\"lazy\" decoding=\"async\" class=\"alignnone size-medium wp-image-2889\" title=\"streuobst\" src=\"https:\/\/www.frankensicht.de\/wp-content\/uploads\/2012\/06\/streuobst-300x225.jpg\" alt=\"\" width=\"300\" height=\"225\" \/><\/a><br \/>\nBundeslandwirtschaftsministerin Ilse Aigner betonte anl\u00e4sslich der Unterzeichnung: &#8222;Mit diesem konzertierten Ansatz macht die Bundesregierung ihren Beitrag zu Bek\u00e4mpfung von Armut und Hunger in der Welt noch wirksamer. Bestehende Kooperationen, beispielsweise im Landmanagement und der internationalen Agrarforschung werden gefestigt und neue Ideen der Zusammenarbeit entwickelt. Mit dem Aufbau unseres Agrarweiterbildungszentrums in \u00c4thiopien, bei dem moderne Technologien aus der Landwirtschaft eingesetzt werden, sind wir bereits in engem Austausch. Wir wollen k\u00fcnftig noch mehr solcher Projekte gemeinsam entwickeln.&#8220;<\/p>\n<p>Bundesentwicklungsminister Dirk Niebel: &#8222;Die Vereinbarung ist ein weiterer entscheidender Schritt zu einer besseren Koordinierung der Entwicklungsleistungen der Bundesregierung. Fast eine Milliarde Menschen leiden weltweit an Hunger und Unterern\u00e4hrung. Die wachsende Weltbev\u00f6lkerung, der Klimawandel, die Verknappung nat\u00fcrlicher Ressourcen sowie die zunehmende Konkurrenz um landwirtschaftlich nutzbare Fl\u00e4chen unter anderem durch Biokraftstoffe machen die weltweite Ern\u00e4hrungssicherung zu einer zentralen Zukunftsaufgabe. Die Landwirtschaft in Entwicklungsl\u00e4ndern hat enorme Entwicklungspotenziale, die wir f\u00f6rdern und nutzen m\u00fcssen. Das BMZ investiert im Rahmen seines im Januar 2012 vorgestellten Zehn-Punkte-Plans f\u00fcr l\u00e4ndliche Entwicklung und Ern\u00e4hrungssicherung jedes Jahr mehr als 700 Millionen Euro in den Bereich l\u00e4ndliche Entwicklung und Landwirtschaft.&#8220;<\/p>\n<p>Zu den Schwerpunkten der Zusammenarbeit geh\u00f6ren die nachhaltige Ressourcennutzung, die Entwicklung l\u00e4ndlicher R\u00e4ume, die Sicherung des Zugangs zu Land und anderen nat\u00fcrlichen Ressourcen sowie die Anpassung der Agrarwirtschaft an den Klimawandel. Die beiden Ressorts werden dabei ihre Ma\u00dfnahmen und Projekte im Bereich der Landwirtschaft noch st\u00e4rker als bislang miteinander verzahnen und koordinieren, um einen koh\u00e4renten Auftritt der Bundesregierung im Au\u00dfenverh\u00e4ltnis sicherzustellen. Der gemeinsame Arbeitskreis Weltern\u00e4hrung ist dabei ein wichtiges Konsultationsgremium, um auch mit den Vertretern von Nichtregierungsorganisationen aktuelle Inhalte mit dem Ziel der Hungerbek\u00e4mpfung und Ern\u00e4hrungssicherung zu debattieren.<\/p>\n<p>Wichtigster Ansatzpunkt sind nachhaltige Produktionssteigerungen, um die Einkommenssituation der Bev\u00f6lkerung im l\u00e4ndlichen Raum, insbesondere von Kleinbauern, verbessern. Dazu sind mehr Investitionen in Aus- und Fortbildung, Infrastruktur, Technik und Wissen in der Landwirtschaft notwendig. Das Eckpunktepapier sieht daher auch eine verst\u00e4rkte Zusammenarbeit mit der Privatwirtschaft vor. Ziel ist, das verantwortungsvolle Engagement des Privatsektors f\u00fcr Ern\u00e4hrungssicherung und Landwirtschaft zu f\u00f6rdern und neue Entwicklungspartnerschaften zu schaffen.<br \/>\nQuelle:bmelv.de<\/p>\n","protected":false},"excerpt":{"rendered":"<p>Berlin: Das Bundeslandwirtschafts- und das Bundesentwicklungsministerium haben ein Eckpunktepapier \u00fcber die Zusammenarbeit im Bereich Ern\u00e4hrungssicherung unterzeichnet. Dadurch soll das Engagement der Bundesregierung noch st\u00e4rker als bisher geb\u00fcndelt werden, um Landwirtschaft und l\u00e4ndliche R\u00e4ume in Entwicklungsl\u00e4ndern zu st\u00e4rken. Bundeslandwirtschaftsministerin Ilse Aigner betonte anl\u00e4sslich der Unterzeichnung: &#8222;Mit diesem konzertierten Ansatz macht die Bundesregierung ihren Beitrag zu Bek\u00e4mpfung [&hellip;]<\/p>\n","protected":false},"author":7,"featured_media":0,"comment_status":"open","ping_status":"open","sticky":false,"template":"","format":"standard","meta":{"footnotes":""},"categories":[44,3],"tags":[943],"class_list":["post-4194","post","type-post","status-publish","format-standard","hentry","category-deutschland-2","category-news","tag-ernahrungssicherung"],"_links":{"self":[{"href":"https:\/\/www.frankensicht.de\/index.php?rest_route=\/wp\/v2\/posts\/4194","targetHints":{"allow":["GET"]}}],"collection":[{"href":"https:\/\/www.frankensicht.de\/index.php?rest_route=\/wp\/v2\/posts"}],"about":[{"href":"https:\/\/www.frankensicht.de\/index.php?rest_route=\/wp\/v2\/types\/post"}],"author":[{"embeddable":true,"href":"https:\/\/www.frankensicht.de\/index.php?rest_route=\/wp\/v2\/users\/7"}],"replies":[{"embeddable":true,"href":"https:\/\/www.frankensicht.de\/index.php?rest_route=%2Fwp%2Fv2%2Fcomments&post=4194"}],"version-history":[{"count":0,"href":"https:\/\/www.frankensicht.de\/index.php?rest_route=\/wp\/v2\/posts\/4194\/revisions"}],"wp:attachment":[{"href":"https:\/\/www.frankensicht.de\/index.php?rest_route=%2Fwp%2Fv2%2Fmedia&parent=4194"}],"wp:term":[{"taxonomy":"category","embeddable":true,"href":"https:\/\/www.frankensicht.de\/index.php?rest_route=%2Fwp%2Fv2%2Fcategories&post=4194"},{"taxonomy":"post_tag","embeddable":true,"href":"https:\/\/www.frankensicht.de\/index.php?rest_route=%2Fwp%2Fv2%2Ftags&post=4194"}],"curies":[{"name":"wp","href":"https:\/\/api.w.org\/{rel}","templated":true}]}}