{"id":3977,"date":"2012-08-30T07:53:15","date_gmt":"2012-08-30T05:53:15","guid":{"rendered":"http:\/\/www.frankensicht.de\/?p=3977"},"modified":"2012-08-30T07:53:15","modified_gmt":"2012-08-30T05:53:15","slug":"deutscher-agrarexport-im-ersten-halbjahr-2012-gestiegen","status":"publish","type":"post","link":"https:\/\/www.frankensicht.de\/?p=3977","title":{"rendered":"Deutscher Agrarexport im ersten Halbjahr 2012 gestiegen"},"content":{"rendered":"<p><span style=\"color: #ff0000;\">Berlin:<\/span><\/p>\n<p>Die deutschen Exporte an Agrar- und Ern\u00e4hrungsg\u00fctern haben sich auch im ersten Halbjahr 2012 positiv entwickelt. &#8222;Das wertm\u00e4\u00dfige Wachstum von 5,6 Prozent gegen\u00fcber dem ersten Halbjahr 2011 ist ein beachtliches Ergebnis. Die deutsche Agrar- und Ern\u00e4hrungswirtschaft setzt damit ihren Wachstumspfad im Export fort&#8220;, sagte der Parlamentarische Staatssekret\u00e4r und Exportbeauftragte bei der Bundeslandwirtschaftsministerin, Dr. Gerd M\u00fcller.<\/p>\n<p><a href=\"https:\/\/www.frankensicht.de\/?attachment_id=2235\" rel=\"attachment wp-att-2235\"><img loading=\"lazy\" decoding=\"async\" class=\"alignnone size-medium wp-image-2235\" title=\"Foto13\" src=\"https:\/\/www.frankensicht.de\/wp-content\/uploads\/2012\/06\/Foto13-300x224.jpg\" alt=\"\" width=\"300\" height=\"224\" srcset=\"https:\/\/www.frankensicht.de\/wp-content\/uploads\/2012\/06\/Foto13-300x224.jpg 300w, https:\/\/www.frankensicht.de\/wp-content\/uploads\/2012\/06\/Foto13-1024x764.jpg 1024w, https:\/\/www.frankensicht.de\/wp-content\/uploads\/2012\/06\/Foto13.jpg 1296w\" sizes=\"auto, (max-width: 300px) 100vw, 300px\" \/><\/a><\/p>\n<p>&nbsp;<\/p>\n<p>Demnach wurden in den ersten sechs Monaten des laufenden Jahres Ern\u00e4hrungsg\u00fcter im Wert von rund 28,8 Milliarden Euro exportiert. Bei den Importen war ein Anstieg um 3,7 Prozent auf 33,6 Milliarden Euro zu verzeichnen. Demnach verringert sich der negative Saldo der Au\u00dfenhandelsbilanz im Agrarbereich von 5 auf rund 4,7 Milliarden Euro.<\/p>\n<p>Bei den wichtigsten Produktgruppen verlief die Entwicklung unterschiedlich. So wurden Fleisch und Fleischerzeugnisse im Wert von 4,3 Milliarden Euro ausgef\u00fchrt (+ 14,2 Prozent). Hier wurde das Wachstum vor allem beim Absatz in China, S\u00fcdkorea sowie im Schwarzmeerraum erzielt. Die Ausfuhren an Schweinefleisch, auf das der gr\u00f6\u00dfte Exportanteil entf\u00e4llt, stiegen zuletzt angesichts leicht gesunkener Schlachtungen nicht mehr in dem Ma\u00dfe wie in den letzten Jahren.<\/p>\n<p>Bei der Gruppe Milch und Milcherzeugnisse (4,1 Milliarden Euro, + 1,6 Prozent) stand unter dem Strich nur ein geringes wertm\u00e4\u00dfiges Plus, das ausschlie\u00dflich auf die positive Entwicklung im Drittlandshandel zur\u00fcckzuf\u00fchren ist. Die K\u00e4seexporte sind in Wert und Menge weiter gestiegen. Bei anderen Produkten wie Butter, Milch und Sauermilcherzeugnissen war die exportierte Menge r\u00fcckl\u00e4ufig.<br \/>\nIm Export von Getreide und dessen Verarbeitungserzeugnissen wurde mit insgesamt rund 3,4 Milliarden Euro ann\u00e4hernd der Wert des Vorjahreszeitraums erreicht. Auf Grund der relativ niedrigen Getreideerntemenge des Jahres 2011 sanken die Ausfuhren an Getreide. Dagegen stiegen die Ausfuhren an Backwaren im Wert um fast 10 Prozent.<\/p>\n<p>Im Handel mit den EU-Partnern beliefen sich die Agrarexporte mit einem Plus von 3,2 Prozent nun auf 21,7 Milliarden Euro. Die steigende Bedeutung des Drittlandshandels wird auch an den Zahlen f\u00fcr das erste Halbjahr deutlich. In Drittl\u00e4nder wurden Waren im Wert von 7,2 Milliarden Euro ausgef\u00fchrt, das sind 13,5 Prozent mehr als im Vorjahr.<br \/>\nQuelle: bmelv.de<\/p>\n","protected":false},"excerpt":{"rendered":"<p>Berlin: Die deutschen Exporte an Agrar- und Ern\u00e4hrungsg\u00fctern haben sich auch im ersten Halbjahr 2012 positiv entwickelt. &#8222;Das wertm\u00e4\u00dfige Wachstum von 5,6 Prozent gegen\u00fcber dem ersten Halbjahr 2011 ist ein beachtliches Ergebnis. Die deutsche Agrar- und Ern\u00e4hrungswirtschaft setzt damit ihren Wachstumspfad im Export fort&#8220;, sagte der Parlamentarische Staatssekret\u00e4r und Exportbeauftragte bei der Bundeslandwirtschaftsministerin, Dr. Gerd [&hellip;]<\/p>\n","protected":false},"author":7,"featured_media":2235,"comment_status":"open","ping_status":"open","sticky":false,"template":"","format":"standard","meta":{"footnotes":""},"categories":[44,3],"tags":[895],"class_list":["post-3977","post","type-post","status-publish","format-standard","has-post-thumbnail","hentry","category-deutschland-2","category-news","tag-agrarexport"],"_links":{"self":[{"href":"https:\/\/www.frankensicht.de\/index.php?rest_route=\/wp\/v2\/posts\/3977","targetHints":{"allow":["GET"]}}],"collection":[{"href":"https:\/\/www.frankensicht.de\/index.php?rest_route=\/wp\/v2\/posts"}],"about":[{"href":"https:\/\/www.frankensicht.de\/index.php?rest_route=\/wp\/v2\/types\/post"}],"author":[{"embeddable":true,"href":"https:\/\/www.frankensicht.de\/index.php?rest_route=\/wp\/v2\/users\/7"}],"replies":[{"embeddable":true,"href":"https:\/\/www.frankensicht.de\/index.php?rest_route=%2Fwp%2Fv2%2Fcomments&post=3977"}],"version-history":[{"count":0,"href":"https:\/\/www.frankensicht.de\/index.php?rest_route=\/wp\/v2\/posts\/3977\/revisions"}],"wp:featuredmedia":[{"embeddable":true,"href":"https:\/\/www.frankensicht.de\/index.php?rest_route=\/wp\/v2\/media\/2235"}],"wp:attachment":[{"href":"https:\/\/www.frankensicht.de\/index.php?rest_route=%2Fwp%2Fv2%2Fmedia&parent=3977"}],"wp:term":[{"taxonomy":"category","embeddable":true,"href":"https:\/\/www.frankensicht.de\/index.php?rest_route=%2Fwp%2Fv2%2Fcategories&post=3977"},{"taxonomy":"post_tag","embeddable":true,"href":"https:\/\/www.frankensicht.de\/index.php?rest_route=%2Fwp%2Fv2%2Ftags&post=3977"}],"curies":[{"name":"wp","href":"https:\/\/api.w.org\/{rel}","templated":true}]}}