{"id":3963,"date":"2012-08-28T11:41:00","date_gmt":"2012-08-28T09:41:00","guid":{"rendered":"http:\/\/www.frankensicht.de\/?p=3963"},"modified":"2012-08-31T12:18:46","modified_gmt":"2012-08-31T10:18:46","slug":"574-000-kilometer-waldwege","status":"publish","type":"post","link":"https:\/\/www.frankensicht.de\/?p=3963","title":{"rendered":"574.000 Kilometer Waldwege"},"content":{"rendered":"<p>Zahl der Woche:<\/p>\n<p>574.000 Kilometer Waldwege<\/p>\n<p>laden in Deutschland zum Wandern, Radfahren und Erkunden des Waldes ein. Und sie erm\u00f6glichen es, den \u00f6kologisch wertvollen Rohstoff Holz zu ernten. Mit einer Gesamtfl\u00e4che von \u00fcber elf Millionen Hektar hat der deutsche Wald viele Gesichter, Talente und Funktionen. Er pr\u00e4gt das Landschaftsbild, ist Heimat f\u00fcr Tiere und Pflanzen, tr\u00e4gt zum Schutz von Klima, Wasser und Boden bei. Gleichzeitig ist der Wald ein Raum f\u00fcr Erholung und sportliche Aktivit\u00e4ten und Teil unserer kulturellen Identit\u00e4t. Damit der Wald auch f\u00fcr unsere nachfolgenden Generationen erhalten bleibt, engagiert sich die Bundesregierung auf nationaler und internationaler Ebene f\u00fcr eine nachhaltige Bewirtschaftung des Waldes. Und dabei kann die Bundesregierung auf eine lange Tradition zur\u00fcckgreifen. Denn unser Wald wird seit mehr als 300 Jahren nachhaltig bewirtschaftet.<br \/>\nEntdecken Sie unsere W\u00e4lder. Gerade der Altweibersommer ist eine gute Zeit, Ruhe und Erholung im Wald zu finden.<\/p>\n<p>Quelle: bmelv.de<\/p>\n<p><a href=\"https:\/\/www.frankensicht.de\/?attachment_id=3964\" rel=\"attachment wp-att-3964\"><img loading=\"lazy\" decoding=\"async\" class=\"alignnone size-medium wp-image-3964\" title=\"P1010456\" src=\"https:\/\/www.frankensicht.de\/wp-content\/uploads\/2012\/08\/P1010456-300x225.jpg\" alt=\"\" width=\"300\" height=\"225\" srcset=\"https:\/\/www.frankensicht.de\/wp-content\/uploads\/2012\/08\/P1010456-300x225.jpg 300w, https:\/\/www.frankensicht.de\/wp-content\/uploads\/2012\/08\/P1010456.jpg 640w\" sizes=\"auto, (max-width: 300px) 100vw, 300px\" \/><\/a><\/p>\n","protected":false},"excerpt":{"rendered":"<p>Zahl der Woche: 574.000 Kilometer Waldwege laden in Deutschland zum Wandern, Radfahren und Erkunden des Waldes ein. Und sie erm\u00f6glichen es, den \u00f6kologisch wertvollen Rohstoff Holz zu ernten. Mit einer Gesamtfl\u00e4che von \u00fcber elf Millionen Hektar hat der deutsche Wald viele Gesichter, Talente und Funktionen. Er pr\u00e4gt das Landschaftsbild, ist Heimat f\u00fcr Tiere und Pflanzen, [&hellip;]<\/p>\n","protected":false},"author":7,"featured_media":3964,"comment_status":"open","ping_status":"open","sticky":false,"template":"","format":"standard","meta":{"footnotes":""},"categories":[44,3],"tags":[893],"class_list":["post-3963","post","type-post","status-publish","format-standard","has-post-thumbnail","hentry","category-deutschland-2","category-news","tag-waldwege"],"_links":{"self":[{"href":"https:\/\/www.frankensicht.de\/index.php?rest_route=\/wp\/v2\/posts\/3963","targetHints":{"allow":["GET"]}}],"collection":[{"href":"https:\/\/www.frankensicht.de\/index.php?rest_route=\/wp\/v2\/posts"}],"about":[{"href":"https:\/\/www.frankensicht.de\/index.php?rest_route=\/wp\/v2\/types\/post"}],"author":[{"embeddable":true,"href":"https:\/\/www.frankensicht.de\/index.php?rest_route=\/wp\/v2\/users\/7"}],"replies":[{"embeddable":true,"href":"https:\/\/www.frankensicht.de\/index.php?rest_route=%2Fwp%2Fv2%2Fcomments&post=3963"}],"version-history":[{"count":0,"href":"https:\/\/www.frankensicht.de\/index.php?rest_route=\/wp\/v2\/posts\/3963\/revisions"}],"wp:featuredmedia":[{"embeddable":true,"href":"https:\/\/www.frankensicht.de\/index.php?rest_route=\/wp\/v2\/media\/3964"}],"wp:attachment":[{"href":"https:\/\/www.frankensicht.de\/index.php?rest_route=%2Fwp%2Fv2%2Fmedia&parent=3963"}],"wp:term":[{"taxonomy":"category","embeddable":true,"href":"https:\/\/www.frankensicht.de\/index.php?rest_route=%2Fwp%2Fv2%2Fcategories&post=3963"},{"taxonomy":"post_tag","embeddable":true,"href":"https:\/\/www.frankensicht.de\/index.php?rest_route=%2Fwp%2Fv2%2Ftags&post=3963"}],"curies":[{"name":"wp","href":"https:\/\/api.w.org\/{rel}","templated":true}]}}